{"id":27976,"date":"2023-01-06T11:31:35","date_gmt":"2023-01-06T11:31:35","guid":{"rendered":"https:\/\/blogdorogeriogomes.com.br\/?p=27976"},"modified":"2023-01-06T19:26:34","modified_gmt":"2023-01-06T19:26:34","slug":"lula-reune-ministros-e-determina-trabalho-em-equipe-e-discurso-afinado","status":"publish","type":"post","link":"https:\/\/blogdorogeriogomes.com.br\/noticias\/2023\/01\/lula-reune-ministros-e-determina-trabalho-em-equipe-e-discurso-afinado\/","title":{"rendered":"Lula re\u00fane ministros e determina trabalho em equipe e discurso afinado"},"content":{"rendered":"\n<p>O presidente Luiz In\u00e1cio Lula da Silva (PT) re\u00fane todos os ministros pela primeira vez, em Bras\u00edlia, nesta sexta-feira, dia 6 de janeiro. E as principal mensagem repassada aos comandados \u00e9 buscar um trabalho em equipe, com um discurso afinado para evitar ru\u00eddos entre um minist\u00e9rio e outro. \u00c9 o pontap\u00e9 na gest\u00e3o do novo governo.<\/p>\n\n\n\n<p>Segundo o ministro-chefe da Casa Civil, Rui Costa, objetivo de Lula \u00e9 passar a mensagem de que ministros devem trabalhar em conjunto e sempre alinhando as declara\u00e7\u00f5es ap\u00f3s consulta \u00e0 Presid\u00eancia da Rep\u00fablica.<\/p>\n\n\n\n<p>Entre os temas discutidos no encontro est\u00e3o a coordena\u00e7\u00e3o do governo, a situa\u00e7\u00e3o das obras de cada minist\u00e9rio e as a\u00e7\u00f5es a serem tomadas, al\u00e9m da rela\u00e7\u00e3o com outros entes federativos.<\/p>\n\n\n\n<p>Os ministros tamb\u00e9m discutem com Lula medidas que est\u00e3o avaliando tomar nos primeiros 100 dias, a partir dos relat\u00f3rios produzidos pelos grupos t\u00e9cnicos de trabalho da transi\u00e7\u00e3o.<\/p>\n\n\n\n<figure class=\"wp-block-image size-full\"><img loading=\"lazy\" decoding=\"async\" width=\"1024\" height=\"682\" src=\"https:\/\/blogdorogeriogomes.com.br\/wp-content\/uploads\/2023\/01\/IMG-20230106-WA0023.jpg\" alt=\"\" class=\"wp-image-27977\" srcset=\"https:\/\/blogdorogeriogomes.com.br\/noticias\/wp-content\/uploads\/2023\/01\/IMG-20230106-WA0023.jpg 1024w, https:\/\/blogdorogeriogomes.com.br\/noticias\/wp-content\/uploads\/2023\/01\/IMG-20230106-WA0023-300x200.jpg 300w, https:\/\/blogdorogeriogomes.com.br\/noticias\/wp-content\/uploads\/2023\/01\/IMG-20230106-WA0023-768x512.jpg 768w, https:\/\/blogdorogeriogomes.com.br\/noticias\/wp-content\/uploads\/2023\/01\/IMG-20230106-WA0023-800x533.jpg 800w\" sizes=\"auto, (max-width: 1024px) 100vw, 1024px\" \/><\/figure>\n","protected":false},"excerpt":{"rendered":"<p>O presidente Luiz In\u00e1cio Lula da Silva (PT) re\u00fane todos os ministros pela primeira vez, em Bras\u00edlia, nesta sexta-feira, dia 6 de janeiro. E as principal mensagem repassada aos comandados \u00e9 buscar um trabalho em equipe, com um discurso afinado para evitar ru\u00eddos entre um minist\u00e9rio e outro. \u00c9 o pontap\u00e9 na gest\u00e3o do novo governo. Segundo o ministro-chefe da Casa Civil, Rui Costa, objetivo de Lula \u00e9 passar a mensagem de que ministros devem trabalhar em conjunto e&hellip;<\/p>\n","protected":false},"author":1,"featured_media":27977,"comment_status":"open","ping_status":"open","sticky":false,"template":"","format":"standard","meta":{"footnotes":""},"categories":[1],"tags":[],"class_list":["post-27976","post","type-post","status-publish","format-standard","has-post-thumbnail","hentry","category-noticias"],"_links":{"self":[{"href":"https:\/\/blogdorogeriogomes.com.br\/noticias\/wp-json\/wp\/v2\/posts\/27976","targetHints":{"allow":["GET"]}}],"collection":[{"href":"https:\/\/blogdorogeriogomes.com.br\/noticias\/wp-json\/wp\/v2\/posts"}],"about":[{"href":"https:\/\/blogdorogeriogomes.com.br\/noticias\/wp-json\/wp\/v2\/types\/post"}],"author":[{"embeddable":true,"href":"https:\/\/blogdorogeriogomes.com.br\/noticias\/wp-json\/wp\/v2\/users\/1"}],"replies":[{"embeddable":true,"href":"https:\/\/blogdorogeriogomes.com.br\/noticias\/wp-json\/wp\/v2\/comments?post=27976"}],"version-history":[{"count":1,"href":"https:\/\/blogdorogeriogomes.com.br\/noticias\/wp-json\/wp\/v2\/posts\/27976\/revisions"}],"predecessor-version":[{"id":27978,"href":"https:\/\/blogdorogeriogomes.com.br\/noticias\/wp-json\/wp\/v2\/posts\/27976\/revisions\/27978"}],"wp:featuredmedia":[{"embeddable":true,"href":"https:\/\/blogdorogeriogomes.com.br\/noticias\/wp-json\/wp\/v2\/media\/27977"}],"wp:attachment":[{"href":"https:\/\/blogdorogeriogomes.com.br\/noticias\/wp-json\/wp\/v2\/media?parent=27976"}],"wp:term":[{"taxonomy":"category","embeddable":true,"href":"https:\/\/blogdorogeriogomes.com.br\/noticias\/wp-json\/wp\/v2\/categories?post=27976"},{"taxonomy":"post_tag","embeddable":true,"href":"https:\/\/blogdorogeriogomes.com.br\/noticias\/wp-json\/wp\/v2\/tags?post=27976"}],"curies":[{"name":"wp","href":"https:\/\/api.w.org\/{rel}","templated":true}]}}