{"id":27979,"date":"2023-01-07T13:23:56","date_gmt":"2023-01-07T13:23:56","guid":{"rendered":"https:\/\/blogdorogeriogomes.com.br\/?p=27979"},"modified":"2023-01-09T12:11:58","modified_gmt":"2023-01-09T12:11:58","slug":"pm-adota-operacao-de-policiamento-ostensivo-na-capital-e-interior-nos-fins-de-semana","status":"publish","type":"post","link":"https:\/\/blogdorogeriogomes.com.br\/noticias\/2023\/01\/pm-adota-operacao-de-policiamento-ostensivo-na-capital-e-interior-nos-fins-de-semana\/","title":{"rendered":"PM adota opera\u00e7\u00e3o de policiamento ostensivo na Capital e interior nos fins de semana"},"content":{"rendered":"\n<p>A Pol\u00edcia Militar do Cear\u00e1 desencadeia uma opera\u00e7\u00e3o de policiamento ostensivo em Fortaleza, Regi\u00e3o Metropolitana e cidades do interior neste fim de semana. A opera\u00e7\u00e3o &#8220;A\u00e7\u00f5es de Refor\u00e7o de Policiamento Ostensivo&#8221; envolve novos soldados da PM, que recebeu refor\u00e7o  de 13% no efetivo em dezembro passado. A a\u00e7\u00e3o conta com 530 policiais militares por dia, atuando em viaturas e motocicletas.&nbsp; <\/p>\n\n\n\n<p>O principal objetivo \u00e9 combater os Crimes Violentos Letais Intencionais (CVLI) e Crimes Violentos contra o Patrim\u00f4nio (CVP), segundo determina\u00e7\u00e3o da Secretaria de Seguran\u00e7a P\u00fablica e Defesa Social. A opera\u00e7\u00e3o visa monitorar 136 pontos considerados estrat\u00e9gicos, com blitze e barreiras em diversas partes do Cear\u00e1.<\/p>\n\n\n\n<figure class=\"wp-block-image size-full\"><img loading=\"lazy\" decoding=\"async\" width=\"818\" height=\"459\" src=\"https:\/\/blogdorogeriogomes.com.br\/wp-content\/uploads\/2023\/01\/1_whatsapp_image_2023_01_07_at_08_37_21__1_-20754908.jpeg\" alt=\"\" class=\"wp-image-27980\" srcset=\"https:\/\/blogdorogeriogomes.com.br\/noticias\/wp-content\/uploads\/2023\/01\/1_whatsapp_image_2023_01_07_at_08_37_21__1_-20754908.jpeg 818w, https:\/\/blogdorogeriogomes.com.br\/noticias\/wp-content\/uploads\/2023\/01\/1_whatsapp_image_2023_01_07_at_08_37_21__1_-20754908-300x168.jpeg 300w, https:\/\/blogdorogeriogomes.com.br\/noticias\/wp-content\/uploads\/2023\/01\/1_whatsapp_image_2023_01_07_at_08_37_21__1_-20754908-768x431.jpeg 768w, https:\/\/blogdorogeriogomes.com.br\/noticias\/wp-content\/uploads\/2023\/01\/1_whatsapp_image_2023_01_07_at_08_37_21__1_-20754908-800x449.jpeg 800w\" sizes=\"auto, (max-width: 818px) 100vw, 818px\" \/><\/figure>\n","protected":false},"excerpt":{"rendered":"<p>A Pol\u00edcia Militar do Cear\u00e1 desencadeia uma opera\u00e7\u00e3o de policiamento ostensivo em Fortaleza, Regi\u00e3o Metropolitana e cidades do interior neste fim de semana. A opera\u00e7\u00e3o &#8220;A\u00e7\u00f5es de Refor\u00e7o de Policiamento Ostensivo&#8221; envolve novos soldados da PM, que recebeu refor\u00e7o de 13% no efetivo em dezembro passado. A a\u00e7\u00e3o conta com 530 policiais militares por dia, atuando em viaturas e motocicletas.&nbsp; O principal objetivo \u00e9 combater os Crimes Violentos Letais Intencionais (CVLI) e Crimes Violentos contra o Patrim\u00f4nio (CVP), segundo&hellip;<\/p>\n","protected":false},"author":1,"featured_media":27980,"comment_status":"open","ping_status":"open","sticky":false,"template":"","format":"standard","meta":{"footnotes":""},"categories":[1],"tags":[],"class_list":["post-27979","post","type-post","status-publish","format-standard","has-post-thumbnail","hentry","category-noticias"],"_links":{"self":[{"href":"https:\/\/blogdorogeriogomes.com.br\/noticias\/wp-json\/wp\/v2\/posts\/27979","targetHints":{"allow":["GET"]}}],"collection":[{"href":"https:\/\/blogdorogeriogomes.com.br\/noticias\/wp-json\/wp\/v2\/posts"}],"about":[{"href":"https:\/\/blogdorogeriogomes.com.br\/noticias\/wp-json\/wp\/v2\/types\/post"}],"author":[{"embeddable":true,"href":"https:\/\/blogdorogeriogomes.com.br\/noticias\/wp-json\/wp\/v2\/users\/1"}],"replies":[{"embeddable":true,"href":"https:\/\/blogdorogeriogomes.com.br\/noticias\/wp-json\/wp\/v2\/comments?post=27979"}],"version-history":[{"count":2,"href":"https:\/\/blogdorogeriogomes.com.br\/noticias\/wp-json\/wp\/v2\/posts\/27979\/revisions"}],"predecessor-version":[{"id":27992,"href":"https:\/\/blogdorogeriogomes.com.br\/noticias\/wp-json\/wp\/v2\/posts\/27979\/revisions\/27992"}],"wp:featuredmedia":[{"embeddable":true,"href":"https:\/\/blogdorogeriogomes.com.br\/noticias\/wp-json\/wp\/v2\/media\/27980"}],"wp:attachment":[{"href":"https:\/\/blogdorogeriogomes.com.br\/noticias\/wp-json\/wp\/v2\/media?parent=27979"}],"wp:term":[{"taxonomy":"category","embeddable":true,"href":"https:\/\/blogdorogeriogomes.com.br\/noticias\/wp-json\/wp\/v2\/categories?post=27979"},{"taxonomy":"post_tag","embeddable":true,"href":"https:\/\/blogdorogeriogomes.com.br\/noticias\/wp-json\/wp\/v2\/tags?post=27979"}],"curies":[{"name":"wp","href":"https:\/\/api.w.org\/{rel}","templated":true}]}}