{"id":27993,"date":"2023-01-09T13:54:12","date_gmt":"2023-01-09T13:54:12","guid":{"rendered":"https:\/\/blogdorogeriogomes.com.br\/?p=27993"},"modified":"2023-01-11T19:53:07","modified_gmt":"2023-01-11T19:53:07","slug":"elmano-de-freitas-envia-reforco-policial-a-brasilia-desocupacao-de-acampamento-de-bolsonaristas-em-fortaleza-esta-em-analise","status":"publish","type":"post","link":"https:\/\/blogdorogeriogomes.com.br\/noticias\/2023\/01\/elmano-de-freitas-envia-reforco-policial-a-brasilia-desocupacao-de-acampamento-de-bolsonaristas-em-fortaleza-esta-em-analise\/","title":{"rendered":"Elmano de Freitas envia refor\u00e7o policial a Bras\u00edlia. Desocupa\u00e7\u00e3o de acampamento de bolsonaristas em Fortaleza est\u00e1 em an\u00e1lise"},"content":{"rendered":"\n<p>O governador do Cear\u00e1, Elmano de Freitas (PT), determinou o envio a Bras\u00edlia de 70 policiais do Batalh\u00e3o de Choque da PM do Cear\u00e1. A Capital federal est\u00e1 sob interven\u00e7\u00e3o federal ap\u00f3s os atos criminosos cometidos ontem por bolsonaristas radicais.<br>Elmano de Freitas se reuniu nesta segunda-feira, dia 9 de janeiro, com a c\u00fapula da seguran\u00e7a p\u00fablica no Cear\u00e1. A desocupa\u00e7\u00e3o do acampamento de bolsonaristas em frente \u00e0 10a Regi\u00e3o Militar, no Centro de Fortaleza n\u00e3o est\u00e1 descartada. Ser\u00e1 analisada pelas for\u00e7as de seguran\u00e7a, ap\u00f3s determina\u00e7\u00e3o do ministro do STF, Alexandre de Moraes.<br>O governador cearense vai participar em Bras\u00edlia de um reuni\u00e3o emergencial com o presidente Lula para discutir provid\u00eancias contra golpistas que vem agindo contra o resultado das elei\u00e7\u00f5es presidenciais.<\/p>\n\n\n\n<figure class=\"wp-block-image size-full\"><img loading=\"lazy\" decoding=\"async\" width=\"818\" height=\"459\" src=\"https:\/\/blogdorogeriogomes.com.br\/wp-content\/uploads\/2023\/01\/1_quartel_10_regiao_militar_foto_fabio_lima-20766097.jpg\" alt=\"\" class=\"wp-image-27994\" srcset=\"https:\/\/blogdorogeriogomes.com.br\/noticias\/wp-content\/uploads\/2023\/01\/1_quartel_10_regiao_militar_foto_fabio_lima-20766097.jpg 818w, https:\/\/blogdorogeriogomes.com.br\/noticias\/wp-content\/uploads\/2023\/01\/1_quartel_10_regiao_militar_foto_fabio_lima-20766097-300x168.jpg 300w, https:\/\/blogdorogeriogomes.com.br\/noticias\/wp-content\/uploads\/2023\/01\/1_quartel_10_regiao_militar_foto_fabio_lima-20766097-768x431.jpg 768w, https:\/\/blogdorogeriogomes.com.br\/noticias\/wp-content\/uploads\/2023\/01\/1_quartel_10_regiao_militar_foto_fabio_lima-20766097-800x449.jpg 800w\" sizes=\"auto, (max-width: 818px) 100vw, 818px\" \/><\/figure>\n","protected":false},"excerpt":{"rendered":"<p>O governador do Cear\u00e1, Elmano de Freitas (PT), determinou o envio a Bras\u00edlia de 70 policiais do Batalh\u00e3o de Choque da PM do Cear\u00e1. A Capital federal est\u00e1 sob interven\u00e7\u00e3o federal ap\u00f3s os atos criminosos cometidos ontem por bolsonaristas radicais.Elmano de Freitas se reuniu nesta segunda-feira, dia 9 de janeiro, com a c\u00fapula da seguran\u00e7a p\u00fablica no Cear\u00e1. A desocupa\u00e7\u00e3o do acampamento de bolsonaristas em frente \u00e0 10a Regi\u00e3o Militar, no Centro de Fortaleza n\u00e3o est\u00e1 descartada. Ser\u00e1 analisada&hellip;<\/p>\n","protected":false},"author":1,"featured_media":27994,"comment_status":"open","ping_status":"open","sticky":false,"template":"","format":"standard","meta":{"footnotes":""},"categories":[1],"tags":[],"class_list":["post-27993","post","type-post","status-publish","format-standard","has-post-thumbnail","hentry","category-noticias"],"_links":{"self":[{"href":"https:\/\/blogdorogeriogomes.com.br\/noticias\/wp-json\/wp\/v2\/posts\/27993","targetHints":{"allow":["GET"]}}],"collection":[{"href":"https:\/\/blogdorogeriogomes.com.br\/noticias\/wp-json\/wp\/v2\/posts"}],"about":[{"href":"https:\/\/blogdorogeriogomes.com.br\/noticias\/wp-json\/wp\/v2\/types\/post"}],"author":[{"embeddable":true,"href":"https:\/\/blogdorogeriogomes.com.br\/noticias\/wp-json\/wp\/v2\/users\/1"}],"replies":[{"embeddable":true,"href":"https:\/\/blogdorogeriogomes.com.br\/noticias\/wp-json\/wp\/v2\/comments?post=27993"}],"version-history":[{"count":1,"href":"https:\/\/blogdorogeriogomes.com.br\/noticias\/wp-json\/wp\/v2\/posts\/27993\/revisions"}],"predecessor-version":[{"id":27995,"href":"https:\/\/blogdorogeriogomes.com.br\/noticias\/wp-json\/wp\/v2\/posts\/27993\/revisions\/27995"}],"wp:featuredmedia":[{"embeddable":true,"href":"https:\/\/blogdorogeriogomes.com.br\/noticias\/wp-json\/wp\/v2\/media\/27994"}],"wp:attachment":[{"href":"https:\/\/blogdorogeriogomes.com.br\/noticias\/wp-json\/wp\/v2\/media?parent=27993"}],"wp:term":[{"taxonomy":"category","embeddable":true,"href":"https:\/\/blogdorogeriogomes.com.br\/noticias\/wp-json\/wp\/v2\/categories?post=27993"},{"taxonomy":"post_tag","embeddable":true,"href":"https:\/\/blogdorogeriogomes.com.br\/noticias\/wp-json\/wp\/v2\/tags?post=27993"}],"curies":[{"name":"wp","href":"https:\/\/api.w.org\/{rel}","templated":true}]}}