{"id":27996,"date":"2023-01-09T14:20:03","date_gmt":"2023-01-09T14:20:03","guid":{"rendered":"https:\/\/blogdorogeriogomes.com.br\/?p=27996"},"modified":"2023-01-11T19:53:02","modified_gmt":"2023-01-11T19:53:02","slug":"lula-se-reune-com-ministros-do-stf-presidentes-da-camara-e-do-senado-golpistas-comecam-a-ser-enquadrados","status":"publish","type":"post","link":"https:\/\/blogdorogeriogomes.com.br\/noticias\/2023\/01\/lula-se-reune-com-ministros-do-stf-presidentes-da-camara-e-do-senado-golpistas-comecam-a-ser-enquadrados\/","title":{"rendered":"Lula se re\u00fane com ministros do STF, presidentes da C\u00e2mara e do Senado. Golpistas come\u00e7am a ser enquadrados"},"content":{"rendered":"\n<p>O presidente Luiz In\u00e1cio&nbsp;Lula da Silva (PT) se reuniu nesta segunda-feira, dia 9 de janeiro, com os chefes dos demais poderes no Pal\u00e1cio do Planalto, menos de 24 horas ap\u00f3s os atos de terrorismo que depredaram os pr\u00e9dios oficiais na Esplanada dos Minist\u00e9rios. Foi emitida uma nota em que Presid\u00eancia da Rep\u00fablica, STF e Congresso Nacional dizem estar unidos na busca de punir os atos terroristas registrados em Bras\u00edlia.<br>Os criminosos presos ap\u00f3s os ataques \u00e0s sedes dos tr\u00eas poderes, ontem, j\u00e1 come\u00e7aram a ser transferidos para&nbsp;o Complexo Penitenci\u00e1rio da Papuda e para a Penitenci\u00e1ria Feminina do Distrito Federal. Cerca de 200 pessoas foram presas nos ataques criminosos.<br>A Pol\u00edcia Militar do Distrito Federal e o Ex\u00e9rcito realizaram, na manh\u00e3 desta segunda-feira, uma opera\u00e7\u00e3o no Quartel-General do Ex\u00e9rcito, em Bras\u00edlia. As for\u00e7as de seguran\u00e7a come\u00e7aram a cumprir a decis\u00e3o do ministro do Supremo Tribunal Federal (STF), Alexandre de Moraes,&nbsp;para desmontar imediatamente o acampamento bolsonarista montado no local. A determina\u00e7\u00e3o vale tamb\u00e9m para acampamentos de bolsonaristas em outros estados.<\/p>\n\n\n\n<figure class=\"wp-block-image size-large\"><img loading=\"lazy\" decoding=\"async\" width=\"1024\" height=\"576\" src=\"https:\/\/blogdorogeriogomes.com.br\/wp-content\/uploads\/2023\/01\/lula-e-chefes-de-poderes-1024x576.jpeg\" alt=\"\" class=\"wp-image-27997\" srcset=\"https:\/\/blogdorogeriogomes.com.br\/noticias\/wp-content\/uploads\/2023\/01\/lula-e-chefes-de-poderes-1024x576.jpeg 1024w, https:\/\/blogdorogeriogomes.com.br\/noticias\/wp-content\/uploads\/2023\/01\/lula-e-chefes-de-poderes-300x169.jpeg 300w, https:\/\/blogdorogeriogomes.com.br\/noticias\/wp-content\/uploads\/2023\/01\/lula-e-chefes-de-poderes-768x432.jpeg 768w, https:\/\/blogdorogeriogomes.com.br\/noticias\/wp-content\/uploads\/2023\/01\/lula-e-chefes-de-poderes-800x450.jpeg 800w, https:\/\/blogdorogeriogomes.com.br\/noticias\/wp-content\/uploads\/2023\/01\/lula-e-chefes-de-poderes.jpeg 1080w\" sizes=\"auto, (max-width: 1024px) 100vw, 1024px\" \/><\/figure>\n","protected":false},"excerpt":{"rendered":"<p>O presidente Luiz In\u00e1cio&nbsp;Lula da Silva (PT) se reuniu nesta segunda-feira, dia 9 de janeiro, com os chefes dos demais poderes no Pal\u00e1cio do Planalto, menos de 24 horas ap\u00f3s os atos de terrorismo que depredaram os pr\u00e9dios oficiais na Esplanada dos Minist\u00e9rios. Foi emitida uma nota em que Presid\u00eancia da Rep\u00fablica, STF e Congresso Nacional dizem estar unidos na busca de punir os atos terroristas registrados em Bras\u00edlia.Os criminosos presos ap\u00f3s os ataques \u00e0s sedes dos tr\u00eas poderes,&hellip;<\/p>\n","protected":false},"author":1,"featured_media":27997,"comment_status":"open","ping_status":"open","sticky":false,"template":"","format":"standard","meta":{"footnotes":""},"categories":[1],"tags":[],"class_list":["post-27996","post","type-post","status-publish","format-standard","has-post-thumbnail","hentry","category-noticias"],"_links":{"self":[{"href":"https:\/\/blogdorogeriogomes.com.br\/noticias\/wp-json\/wp\/v2\/posts\/27996","targetHints":{"allow":["GET"]}}],"collection":[{"href":"https:\/\/blogdorogeriogomes.com.br\/noticias\/wp-json\/wp\/v2\/posts"}],"about":[{"href":"https:\/\/blogdorogeriogomes.com.br\/noticias\/wp-json\/wp\/v2\/types\/post"}],"author":[{"embeddable":true,"href":"https:\/\/blogdorogeriogomes.com.br\/noticias\/wp-json\/wp\/v2\/users\/1"}],"replies":[{"embeddable":true,"href":"https:\/\/blogdorogeriogomes.com.br\/noticias\/wp-json\/wp\/v2\/comments?post=27996"}],"version-history":[{"count":1,"href":"https:\/\/blogdorogeriogomes.com.br\/noticias\/wp-json\/wp\/v2\/posts\/27996\/revisions"}],"predecessor-version":[{"id":27998,"href":"https:\/\/blogdorogeriogomes.com.br\/noticias\/wp-json\/wp\/v2\/posts\/27996\/revisions\/27998"}],"wp:featuredmedia":[{"embeddable":true,"href":"https:\/\/blogdorogeriogomes.com.br\/noticias\/wp-json\/wp\/v2\/media\/27997"}],"wp:attachment":[{"href":"https:\/\/blogdorogeriogomes.com.br\/noticias\/wp-json\/wp\/v2\/media?parent=27996"}],"wp:term":[{"taxonomy":"category","embeddable":true,"href":"https:\/\/blogdorogeriogomes.com.br\/noticias\/wp-json\/wp\/v2\/categories?post=27996"},{"taxonomy":"post_tag","embeddable":true,"href":"https:\/\/blogdorogeriogomes.com.br\/noticias\/wp-json\/wp\/v2\/tags?post=27996"}],"curies":[{"name":"wp","href":"https:\/\/api.w.org\/{rel}","templated":true}]}}