{"id":27999,"date":"2023-01-09T21:20:13","date_gmt":"2023-01-09T21:20:13","guid":{"rendered":"https:\/\/blogdorogeriogomes.com.br\/?p=27999"},"modified":"2023-01-11T19:52:38","modified_gmt":"2023-01-11T19:52:38","slug":"governo-do-ceara-empossa-800-novos-professores-na-rede-estadual","status":"publish","type":"post","link":"https:\/\/blogdorogeriogomes.com.br\/noticias\/2023\/01\/governo-do-ceara-empossa-800-novos-professores-na-rede-estadual\/","title":{"rendered":"Governo do Cear\u00e1 empossa 800 novos professores na rede estadual"},"content":{"rendered":"\n<p>O Governo do Cear\u00e1 empossou 800 novos professores na rede estadual de ensino, nesta segunda-feira, dia 9 de janeiro. A solenidade de posse ocorreu no Centro de Eventos do Cear\u00e1, em Fortaleza, com a presen\u00e7a do governador Elmano de Freitas; da vice-governadora Jade Romero; e da secret\u00e1ria-executiva do Minist\u00e9rio da Educa\u00e7\u00e3o (MEC), Izolda Cela.<\/p>\n\n\n\n<p>O Governo Estadual convocou todos os aprovados no \u00faltimo concurso da Secretaria da Educa\u00e7\u00e3o do Cear\u00e1 (Seduc) para as 2.500 vagas ofertadas para provimento imediato, de acordo com as orienta\u00e7\u00f5es do edital que regulamentou o certame, al\u00e9m de 800 aprovados no cadastro de reserva. Com isso, j\u00e1 s\u00e3o 3.300 convocados. Ao todo, s\u00e3o mais de 13 mil professores efetivos na rede estadual.<\/p>\n\n\n\n<figure class=\"wp-block-image size-large\"><img loading=\"lazy\" decoding=\"async\" width=\"1024\" height=\"683\" src=\"https:\/\/blogdorogeriogomes.com.br\/wp-content\/uploads\/2023\/01\/230109_POSSE-PROFESSORES-CEC_HS1421-1200x800-1-1024x683.jpg\" alt=\"\" class=\"wp-image-28000\" srcset=\"https:\/\/blogdorogeriogomes.com.br\/noticias\/wp-content\/uploads\/2023\/01\/230109_POSSE-PROFESSORES-CEC_HS1421-1200x800-1-1024x683.jpg 1024w, https:\/\/blogdorogeriogomes.com.br\/noticias\/wp-content\/uploads\/2023\/01\/230109_POSSE-PROFESSORES-CEC_HS1421-1200x800-1-300x200.jpg 300w, https:\/\/blogdorogeriogomes.com.br\/noticias\/wp-content\/uploads\/2023\/01\/230109_POSSE-PROFESSORES-CEC_HS1421-1200x800-1-768x512.jpg 768w, https:\/\/blogdorogeriogomes.com.br\/noticias\/wp-content\/uploads\/2023\/01\/230109_POSSE-PROFESSORES-CEC_HS1421-1200x800-1-800x533.jpg 800w, https:\/\/blogdorogeriogomes.com.br\/noticias\/wp-content\/uploads\/2023\/01\/230109_POSSE-PROFESSORES-CEC_HS1421-1200x800-1.jpg 1200w\" sizes=\"auto, (max-width: 1024px) 100vw, 1024px\" \/><\/figure>\n","protected":false},"excerpt":{"rendered":"<p>O Governo do Cear\u00e1 empossou 800 novos professores na rede estadual de ensino, nesta segunda-feira, dia 9 de janeiro. A solenidade de posse ocorreu no Centro de Eventos do Cear\u00e1, em Fortaleza, com a presen\u00e7a do governador Elmano de Freitas; da vice-governadora Jade Romero; e da secret\u00e1ria-executiva do Minist\u00e9rio da Educa\u00e7\u00e3o (MEC), Izolda Cela. O Governo Estadual convocou todos os aprovados no \u00faltimo concurso da Secretaria da Educa\u00e7\u00e3o do Cear\u00e1 (Seduc) para as 2.500 vagas ofertadas para provimento imediato,&hellip;<\/p>\n","protected":false},"author":1,"featured_media":28003,"comment_status":"open","ping_status":"open","sticky":false,"template":"","format":"standard","meta":{"footnotes":""},"categories":[1],"tags":[],"class_list":["post-27999","post","type-post","status-publish","format-standard","has-post-thumbnail","hentry","category-noticias"],"_links":{"self":[{"href":"https:\/\/blogdorogeriogomes.com.br\/noticias\/wp-json\/wp\/v2\/posts\/27999","targetHints":{"allow":["GET"]}}],"collection":[{"href":"https:\/\/blogdorogeriogomes.com.br\/noticias\/wp-json\/wp\/v2\/posts"}],"about":[{"href":"https:\/\/blogdorogeriogomes.com.br\/noticias\/wp-json\/wp\/v2\/types\/post"}],"author":[{"embeddable":true,"href":"https:\/\/blogdorogeriogomes.com.br\/noticias\/wp-json\/wp\/v2\/users\/1"}],"replies":[{"embeddable":true,"href":"https:\/\/blogdorogeriogomes.com.br\/noticias\/wp-json\/wp\/v2\/comments?post=27999"}],"version-history":[{"count":1,"href":"https:\/\/blogdorogeriogomes.com.br\/noticias\/wp-json\/wp\/v2\/posts\/27999\/revisions"}],"predecessor-version":[{"id":28001,"href":"https:\/\/blogdorogeriogomes.com.br\/noticias\/wp-json\/wp\/v2\/posts\/27999\/revisions\/28001"}],"wp:featuredmedia":[{"embeddable":true,"href":"https:\/\/blogdorogeriogomes.com.br\/noticias\/wp-json\/wp\/v2\/media\/28003"}],"wp:attachment":[{"href":"https:\/\/blogdorogeriogomes.com.br\/noticias\/wp-json\/wp\/v2\/media?parent=27999"}],"wp:term":[{"taxonomy":"category","embeddable":true,"href":"https:\/\/blogdorogeriogomes.com.br\/noticias\/wp-json\/wp\/v2\/categories?post=27999"},{"taxonomy":"post_tag","embeddable":true,"href":"https:\/\/blogdorogeriogomes.com.br\/noticias\/wp-json\/wp\/v2\/tags?post=27999"}],"curies":[{"name":"wp","href":"https:\/\/api.w.org\/{rel}","templated":true}]}}