{"id":28006,"date":"2023-01-10T01:10:55","date_gmt":"2023-01-10T01:10:55","guid":{"rendered":"https:\/\/blogdorogeriogomes.com.br\/?p=28006"},"modified":"2023-01-11T19:52:15","modified_gmt":"2023-01-11T19:52:15","slug":"acampamento-de-bolsonaristas-em-fortaleza-e-desmontado-e-prefeitura-faz-limpeza-do-local","status":"publish","type":"post","link":"https:\/\/blogdorogeriogomes.com.br\/noticias\/2023\/01\/acampamento-de-bolsonaristas-em-fortaleza-e-desmontado-e-prefeitura-faz-limpeza-do-local\/","title":{"rendered":"Acampamento de bolsonaristas em Fortaleza \u00e9 desmontado e Prefeitura faz limpeza do local"},"content":{"rendered":"\n<p>Ap\u00f3s dois meses de ocupa\u00e7\u00e3o no Centro de Fortaleza, o acampamento de bolsonaristas, que n\u00e3o aceitavam a elei\u00e7\u00e3o de Lula (PT) como novo presidente do Brasil, foi desmontado nesta segunda-feira, dia 9 de janeiro. Com a determina\u00e7\u00e3o do ministro do STF, Alexandre de Moraes, que todas as ocupa\u00e7\u00f5es de radicais em frente a institui\u00e7\u00f5es militares pelo Pa\u00eds fossem desocupadas em 24 horas, os pr\u00f3prios bolsonaristas que acampavam ao lado da 10a Regi\u00e3o Militar, no Centro da Capital, resolveram deixar o local.<\/p>\n\n\n\n<p>A Prefeitura de Fortaleza mobilizou uma for\u00e7a-tarefa com diversos \u00f3rg\u00e3os municipais para revitalizar a Pra\u00e7a Caio Prado, ocupada pelos bolsonaristas. Equipes de limpeza iniciaram os servi\u00e7os de higieniza\u00e7\u00e3o, retirada de res\u00edduos s\u00f3lidos, capina e manuten\u00e7\u00e3o do paisagismo, al\u00e9m da lavagem completa do piso no come\u00e7o da tarde. \u00c0 noite, a pra\u00e7a tamb\u00e9m recebeu pintura do meio-fio e dos degraus da pra\u00e7a, popularmente conhecida como a Pra\u00e7a da S\u00e9.<\/p>\n\n\n\n<figure class=\"wp-block-image size-large\"><img loading=\"lazy\" decoding=\"async\" width=\"1024\" height=\"602\" src=\"https:\/\/blogdorogeriogomes.com.br\/wp-content\/uploads\/2023\/01\/09-01-2023-Centro-1024x602.jpg\" alt=\"\" class=\"wp-image-28007\" srcset=\"https:\/\/blogdorogeriogomes.com.br\/noticias\/wp-content\/uploads\/2023\/01\/09-01-2023-Centro-1024x602.jpg 1024w, https:\/\/blogdorogeriogomes.com.br\/noticias\/wp-content\/uploads\/2023\/01\/09-01-2023-Centro-300x176.jpg 300w, https:\/\/blogdorogeriogomes.com.br\/noticias\/wp-content\/uploads\/2023\/01\/09-01-2023-Centro-768x451.jpg 768w, https:\/\/blogdorogeriogomes.com.br\/noticias\/wp-content\/uploads\/2023\/01\/09-01-2023-Centro-800x470.jpg 800w, https:\/\/blogdorogeriogomes.com.br\/noticias\/wp-content\/uploads\/2023\/01\/09-01-2023-Centro.jpg 1280w\" sizes=\"auto, (max-width: 1024px) 100vw, 1024px\" \/><\/figure>\n","protected":false},"excerpt":{"rendered":"<p>Ap\u00f3s dois meses de ocupa\u00e7\u00e3o no Centro de Fortaleza, o acampamento de bolsonaristas, que n\u00e3o aceitavam a elei\u00e7\u00e3o de Lula (PT) como novo presidente do Brasil, foi desmontado nesta segunda-feira, dia 9 de janeiro. Com a determina\u00e7\u00e3o do ministro do STF, Alexandre de Moraes, que todas as ocupa\u00e7\u00f5es de radicais em frente a institui\u00e7\u00f5es militares pelo Pa\u00eds fossem desocupadas em 24 horas, os pr\u00f3prios bolsonaristas que acampavam ao lado da 10a Regi\u00e3o Militar, no Centro da Capital, resolveram deixar&hellip;<\/p>\n","protected":false},"author":1,"featured_media":28007,"comment_status":"open","ping_status":"open","sticky":false,"template":"","format":"standard","meta":{"footnotes":""},"categories":[1],"tags":[],"class_list":["post-28006","post","type-post","status-publish","format-standard","has-post-thumbnail","hentry","category-noticias"],"_links":{"self":[{"href":"https:\/\/blogdorogeriogomes.com.br\/noticias\/wp-json\/wp\/v2\/posts\/28006","targetHints":{"allow":["GET"]}}],"collection":[{"href":"https:\/\/blogdorogeriogomes.com.br\/noticias\/wp-json\/wp\/v2\/posts"}],"about":[{"href":"https:\/\/blogdorogeriogomes.com.br\/noticias\/wp-json\/wp\/v2\/types\/post"}],"author":[{"embeddable":true,"href":"https:\/\/blogdorogeriogomes.com.br\/noticias\/wp-json\/wp\/v2\/users\/1"}],"replies":[{"embeddable":true,"href":"https:\/\/blogdorogeriogomes.com.br\/noticias\/wp-json\/wp\/v2\/comments?post=28006"}],"version-history":[{"count":2,"href":"https:\/\/blogdorogeriogomes.com.br\/noticias\/wp-json\/wp\/v2\/posts\/28006\/revisions"}],"predecessor-version":[{"id":28009,"href":"https:\/\/blogdorogeriogomes.com.br\/noticias\/wp-json\/wp\/v2\/posts\/28006\/revisions\/28009"}],"wp:featuredmedia":[{"embeddable":true,"href":"https:\/\/blogdorogeriogomes.com.br\/noticias\/wp-json\/wp\/v2\/media\/28007"}],"wp:attachment":[{"href":"https:\/\/blogdorogeriogomes.com.br\/noticias\/wp-json\/wp\/v2\/media?parent=28006"}],"wp:term":[{"taxonomy":"category","embeddable":true,"href":"https:\/\/blogdorogeriogomes.com.br\/noticias\/wp-json\/wp\/v2\/categories?post=28006"},{"taxonomy":"post_tag","embeddable":true,"href":"https:\/\/blogdorogeriogomes.com.br\/noticias\/wp-json\/wp\/v2\/tags?post=28006"}],"curies":[{"name":"wp","href":"https:\/\/api.w.org\/{rel}","templated":true}]}}