{"id":28010,"date":"2023-01-10T01:48:42","date_gmt":"2023-01-10T01:48:42","guid":{"rendered":"https:\/\/blogdorogeriogomes.com.br\/?p=28010"},"modified":"2023-01-11T19:52:01","modified_gmt":"2023-01-11T19:52:01","slug":"lula-da-aviso-a-bolsonaristas-radicais-golpe-nao-vai-ter","status":"publish","type":"post","link":"https:\/\/blogdorogeriogomes.com.br\/noticias\/2023\/01\/lula-da-aviso-a-bolsonaristas-radicais-golpe-nao-vai-ter\/","title":{"rendered":"Lula d\u00e1 aviso a bolsonaristas radicais: &#8220;Golpe n\u00e3o vai ter&#8221;"},"content":{"rendered":"\n<p>Ap\u00f3s reuni\u00e3o com governadores e vice-governadores das 27 unidades federativas do pa\u00eds, incluindo o cearense Elmano de Freitas (PT), o presidente Luiz In\u00e1cio&nbsp;Lula da Silva (PT) saiu do Pal\u00e1cio do Planalto em caminhada simb\u00f3lica com autoridades at\u00e9 o Supremo Tribunal Federal (STF).<\/p>\n\n\n\n<p>Na reuni\u00e3o com os governadores, o presidente Lula disse que n\u00e3o vai permitir que a democracia escape das m\u00e3os. &#8220;O que eles querem \u00e9 golpe, e golpe n\u00e3o vai ter&#8221;, completou Lula.<\/p>\n\n\n\n<p>O presidente da Rep\u00fablica deixou claro que todos os terroristas que vandalizaram os tr\u00eas poderes em Bras\u00edlia ser\u00e3o identificados e punidos. &#8220;N\u00e3o vamos dar tr\u00e9gua at\u00e9 descobrir quem financiou tudo o que aconteceu neste pa\u00eds&#8221;, afirmou&nbsp;Lula.<\/p>\n\n\n\n<figure class=\"wp-block-image size-full\"><img loading=\"lazy\" decoding=\"async\" width=\"600\" height=\"400\" src=\"https:\/\/blogdorogeriogomes.com.br\/wp-content\/uploads\/2023\/01\/lula-com-os-27-governadores-membros-dos-3-poderes-e-janja-v0-Oyczxxj3N9vOZTOYAUkA2fDDxyLtg0su41U1LpQYhnY.jpg\" alt=\"\" class=\"wp-image-28011\" srcset=\"https:\/\/blogdorogeriogomes.com.br\/noticias\/wp-content\/uploads\/2023\/01\/lula-com-os-27-governadores-membros-dos-3-poderes-e-janja-v0-Oyczxxj3N9vOZTOYAUkA2fDDxyLtg0su41U1LpQYhnY.jpg 600w, https:\/\/blogdorogeriogomes.com.br\/noticias\/wp-content\/uploads\/2023\/01\/lula-com-os-27-governadores-membros-dos-3-poderes-e-janja-v0-Oyczxxj3N9vOZTOYAUkA2fDDxyLtg0su41U1LpQYhnY-300x200.jpg 300w\" sizes=\"auto, (max-width: 600px) 100vw, 600px\" \/><\/figure>\n","protected":false},"excerpt":{"rendered":"<p>Ap\u00f3s reuni\u00e3o com governadores e vice-governadores das 27 unidades federativas do pa\u00eds, incluindo o cearense Elmano de Freitas (PT), o presidente Luiz In\u00e1cio&nbsp;Lula da Silva (PT) saiu do Pal\u00e1cio do Planalto em caminhada simb\u00f3lica com autoridades at\u00e9 o Supremo Tribunal Federal (STF). Na reuni\u00e3o com os governadores, o presidente Lula disse que n\u00e3o vai permitir que a democracia escape das m\u00e3os. &#8220;O que eles querem \u00e9 golpe, e golpe n\u00e3o vai ter&#8221;, completou Lula. O presidente da Rep\u00fablica deixou&hellip;<\/p>\n","protected":false},"author":1,"featured_media":28011,"comment_status":"open","ping_status":"open","sticky":false,"template":"","format":"standard","meta":{"footnotes":""},"categories":[1],"tags":[],"class_list":["post-28010","post","type-post","status-publish","format-standard","has-post-thumbnail","hentry","category-noticias"],"_links":{"self":[{"href":"https:\/\/blogdorogeriogomes.com.br\/noticias\/wp-json\/wp\/v2\/posts\/28010","targetHints":{"allow":["GET"]}}],"collection":[{"href":"https:\/\/blogdorogeriogomes.com.br\/noticias\/wp-json\/wp\/v2\/posts"}],"about":[{"href":"https:\/\/blogdorogeriogomes.com.br\/noticias\/wp-json\/wp\/v2\/types\/post"}],"author":[{"embeddable":true,"href":"https:\/\/blogdorogeriogomes.com.br\/noticias\/wp-json\/wp\/v2\/users\/1"}],"replies":[{"embeddable":true,"href":"https:\/\/blogdorogeriogomes.com.br\/noticias\/wp-json\/wp\/v2\/comments?post=28010"}],"version-history":[{"count":2,"href":"https:\/\/blogdorogeriogomes.com.br\/noticias\/wp-json\/wp\/v2\/posts\/28010\/revisions"}],"predecessor-version":[{"id":28040,"href":"https:\/\/blogdorogeriogomes.com.br\/noticias\/wp-json\/wp\/v2\/posts\/28010\/revisions\/28040"}],"wp:featuredmedia":[{"embeddable":true,"href":"https:\/\/blogdorogeriogomes.com.br\/noticias\/wp-json\/wp\/v2\/media\/28011"}],"wp:attachment":[{"href":"https:\/\/blogdorogeriogomes.com.br\/noticias\/wp-json\/wp\/v2\/media?parent=28010"}],"wp:term":[{"taxonomy":"category","embeddable":true,"href":"https:\/\/blogdorogeriogomes.com.br\/noticias\/wp-json\/wp\/v2\/categories?post=28010"},{"taxonomy":"post_tag","embeddable":true,"href":"https:\/\/blogdorogeriogomes.com.br\/noticias\/wp-json\/wp\/v2\/tags?post=28010"}],"curies":[{"name":"wp","href":"https:\/\/api.w.org\/{rel}","templated":true}]}}