{"id":28023,"date":"2023-01-10T20:08:18","date_gmt":"2023-01-10T20:08:18","guid":{"rendered":"https:\/\/blogdorogeriogomes.com.br\/?p=28023"},"modified":"2023-01-11T19:50:50","modified_gmt":"2023-01-11T19:50:50","slug":"moraes-determina-prisao-de-ex-comandante-da-policia-militar-do-distrito-federal-mp-pede-bloqueio-de-contas-de-bolsonaro-ibaneis-e-torres","status":"publish","type":"post","link":"https:\/\/blogdorogeriogomes.com.br\/noticias\/2023\/01\/moraes-determina-prisao-de-ex-comandante-da-policia-militar-do-distrito-federal-mp-pede-bloqueio-de-contas-de-bolsonaro-ibaneis-e-torres\/","title":{"rendered":"Moraes determina pris\u00e3o de ex-comandante da Pol\u00edcia Militar do Distrito Federal. MP pede bloqueio de contas de Bolsonaro, Ibaneis e Torres"},"content":{"rendered":"\n<p>O ministro do Supremo Tribunal Federal (STF), Alexandre de Moraes, determinou nesta ter\u00e7a-feira, dia 10 de janeiro, a pris\u00e3o do ex-comandante da Pol\u00edcia Militar do Distrito Federal, coronel F\u00e1bio Augusto. Ele era o respons\u00e1vel pelo policiamento no DF no domingo passado, quando ocorreram os ataques terroristas de bolsonaristas contra o Pal\u00e1cio do Planalto, o Congresso e o Supremo Tribunal Federal (STF).<\/p>\n\n\n\n<p>O Minist\u00e9rio P\u00fablico junto ao Tribunal de Contas da Uni\u00e3o solicitou ao ministro do TCU, Bruno Dantas, o bloqueio de bens do ex-presidente Jair Bolsonaro (PL), de Ibaneis Rocha (MDB), governador afastado do Distrito Federal, e de Anderson Torres, ex-secret\u00e1rio de Seguran\u00e7a P\u00fablica do DF.<\/p>\n\n\n\n<p>Lucas Rocha Furtado, subprocurador geral do MP do TCU, assinou o pedido feito ao ministro do Tribunal de Contas. Lucas justificou a solicita\u00e7\u00e3o com os atos golpistas ocorridos no \u00faltimo domingo.<br><\/p>\n\n\n\n<figure class=\"wp-block-image size-full\"><img loading=\"lazy\" decoding=\"async\" width=\"540\" height=\"304\" src=\"https:\/\/blogdorogeriogomes.com.br\/wp-content\/uploads\/2023\/01\/2023-01-09t002835z-1244999927-rc2kmy9flaon-rtrmadp-3-brazil-politics-violence.jpg\" alt=\"\" class=\"wp-image-28024\" srcset=\"https:\/\/blogdorogeriogomes.com.br\/noticias\/wp-content\/uploads\/2023\/01\/2023-01-09t002835z-1244999927-rc2kmy9flaon-rtrmadp-3-brazil-politics-violence.jpg 540w, https:\/\/blogdorogeriogomes.com.br\/noticias\/wp-content\/uploads\/2023\/01\/2023-01-09t002835z-1244999927-rc2kmy9flaon-rtrmadp-3-brazil-politics-violence-300x169.jpg 300w\" sizes=\"auto, (max-width: 540px) 100vw, 540px\" \/><\/figure>\n","protected":false},"excerpt":{"rendered":"<p>O ministro do Supremo Tribunal Federal (STF), Alexandre de Moraes, determinou nesta ter\u00e7a-feira, dia 10 de janeiro, a pris\u00e3o do ex-comandante da Pol\u00edcia Militar do Distrito Federal, coronel F\u00e1bio Augusto. Ele era o respons\u00e1vel pelo policiamento no DF no domingo passado, quando ocorreram os ataques terroristas de bolsonaristas contra o Pal\u00e1cio do Planalto, o Congresso e o Supremo Tribunal Federal (STF). O Minist\u00e9rio P\u00fablico junto ao Tribunal de Contas da Uni\u00e3o solicitou ao ministro do TCU, Bruno Dantas, o&hellip;<\/p>\n","protected":false},"author":1,"featured_media":28024,"comment_status":"open","ping_status":"open","sticky":false,"template":"","format":"standard","meta":{"footnotes":""},"categories":[1],"tags":[],"class_list":["post-28023","post","type-post","status-publish","format-standard","has-post-thumbnail","hentry","category-noticias"],"_links":{"self":[{"href":"https:\/\/blogdorogeriogomes.com.br\/noticias\/wp-json\/wp\/v2\/posts\/28023","targetHints":{"allow":["GET"]}}],"collection":[{"href":"https:\/\/blogdorogeriogomes.com.br\/noticias\/wp-json\/wp\/v2\/posts"}],"about":[{"href":"https:\/\/blogdorogeriogomes.com.br\/noticias\/wp-json\/wp\/v2\/types\/post"}],"author":[{"embeddable":true,"href":"https:\/\/blogdorogeriogomes.com.br\/noticias\/wp-json\/wp\/v2\/users\/1"}],"replies":[{"embeddable":true,"href":"https:\/\/blogdorogeriogomes.com.br\/noticias\/wp-json\/wp\/v2\/comments?post=28023"}],"version-history":[{"count":1,"href":"https:\/\/blogdorogeriogomes.com.br\/noticias\/wp-json\/wp\/v2\/posts\/28023\/revisions"}],"predecessor-version":[{"id":28025,"href":"https:\/\/blogdorogeriogomes.com.br\/noticias\/wp-json\/wp\/v2\/posts\/28023\/revisions\/28025"}],"wp:featuredmedia":[{"embeddable":true,"href":"https:\/\/blogdorogeriogomes.com.br\/noticias\/wp-json\/wp\/v2\/media\/28024"}],"wp:attachment":[{"href":"https:\/\/blogdorogeriogomes.com.br\/noticias\/wp-json\/wp\/v2\/media?parent=28023"}],"wp:term":[{"taxonomy":"category","embeddable":true,"href":"https:\/\/blogdorogeriogomes.com.br\/noticias\/wp-json\/wp\/v2\/categories?post=28023"},{"taxonomy":"post_tag","embeddable":true,"href":"https:\/\/blogdorogeriogomes.com.br\/noticias\/wp-json\/wp\/v2\/tags?post=28023"}],"curies":[{"name":"wp","href":"https:\/\/api.w.org\/{rel}","templated":true}]}}