{"id":28032,"date":"2023-01-11T12:52:43","date_gmt":"2023-01-11T12:52:43","guid":{"rendered":"https:\/\/blogdorogeriogomes.com.br\/?p=28032"},"modified":"2023-01-11T19:50:08","modified_gmt":"2023-01-11T19:50:08","slug":"governo-do-ceara-pede-suspensao-de-edital-de-concessao-do-parque-nacional-de-jericoacoara","status":"publish","type":"post","link":"https:\/\/blogdorogeriogomes.com.br\/noticias\/2023\/01\/governo-do-ceara-pede-suspensao-de-edital-de-concessao-do-parque-nacional-de-jericoacoara\/","title":{"rendered":"Governo do Cear\u00e1 pede suspens\u00e3o de edital de concess\u00e3o do Parque Nacional de Jericoacoara"},"content":{"rendered":"\n<p>O governador do Cear\u00e1, Elmano de Freitas, enviou of\u00edcio \u00e0 ministra do Meio Ambiente, Marina Silva, solicitando a suspens\u00e3o do edital que prev\u00ea a concess\u00e3o do Parque Nacional de Jericoacoara \u00e0 iniciativa privada. O documento foi publicado em dezembro do ano passado pela gest\u00e3o anterior do Governo Federal.<\/p>\n\n\n\n<p>O Governo do Cear\u00e1 discutir\u00e1 um modelo de gest\u00e3o sustent\u00e1vel e que amplie ainda mais a capacidade tur\u00edstica e econ\u00f4mica do Parque Nacional de Jericoacoara, possibilitando a gera\u00e7\u00e3o de emprego e renda \u00e0 popula\u00e7\u00e3o cearense. O of\u00edcio cita ainda a falta de di\u00e1logo e aus\u00eancia de debate da gest\u00e3o anterior do ex-presidente Jair Bolsonaro para a elabora\u00e7\u00e3o do edital de concess\u00e3o do parque.<\/p>\n\n\n\n<figure class=\"wp-block-image size-full\"><img loading=\"lazy\" decoding=\"async\" width=\"989\" height=\"660\" src=\"https:\/\/blogdorogeriogomes.com.br\/wp-content\/uploads\/2023\/01\/pedra_furada.jpg\" alt=\"\" class=\"wp-image-28033\" srcset=\"https:\/\/blogdorogeriogomes.com.br\/noticias\/wp-content\/uploads\/2023\/01\/pedra_furada.jpg 989w, https:\/\/blogdorogeriogomes.com.br\/noticias\/wp-content\/uploads\/2023\/01\/pedra_furada-300x200.jpg 300w, https:\/\/blogdorogeriogomes.com.br\/noticias\/wp-content\/uploads\/2023\/01\/pedra_furada-768x513.jpg 768w, https:\/\/blogdorogeriogomes.com.br\/noticias\/wp-content\/uploads\/2023\/01\/pedra_furada-800x534.jpg 800w\" sizes=\"auto, (max-width: 989px) 100vw, 989px\" \/><\/figure>\n","protected":false},"excerpt":{"rendered":"<p>O governador do Cear\u00e1, Elmano de Freitas, enviou of\u00edcio \u00e0 ministra do Meio Ambiente, Marina Silva, solicitando a suspens\u00e3o do edital que prev\u00ea a concess\u00e3o do Parque Nacional de Jericoacoara \u00e0 iniciativa privada. O documento foi publicado em dezembro do ano passado pela gest\u00e3o anterior do Governo Federal. O Governo do Cear\u00e1 discutir\u00e1 um modelo de gest\u00e3o sustent\u00e1vel e que amplie ainda mais a capacidade tur\u00edstica e econ\u00f4mica do Parque Nacional de Jericoacoara, possibilitando a gera\u00e7\u00e3o de emprego e&hellip;<\/p>\n","protected":false},"author":1,"featured_media":28033,"comment_status":"open","ping_status":"open","sticky":false,"template":"","format":"standard","meta":{"footnotes":""},"categories":[1],"tags":[],"class_list":["post-28032","post","type-post","status-publish","format-standard","has-post-thumbnail","hentry","category-noticias"],"_links":{"self":[{"href":"https:\/\/blogdorogeriogomes.com.br\/noticias\/wp-json\/wp\/v2\/posts\/28032","targetHints":{"allow":["GET"]}}],"collection":[{"href":"https:\/\/blogdorogeriogomes.com.br\/noticias\/wp-json\/wp\/v2\/posts"}],"about":[{"href":"https:\/\/blogdorogeriogomes.com.br\/noticias\/wp-json\/wp\/v2\/types\/post"}],"author":[{"embeddable":true,"href":"https:\/\/blogdorogeriogomes.com.br\/noticias\/wp-json\/wp\/v2\/users\/1"}],"replies":[{"embeddable":true,"href":"https:\/\/blogdorogeriogomes.com.br\/noticias\/wp-json\/wp\/v2\/comments?post=28032"}],"version-history":[{"count":1,"href":"https:\/\/blogdorogeriogomes.com.br\/noticias\/wp-json\/wp\/v2\/posts\/28032\/revisions"}],"predecessor-version":[{"id":28034,"href":"https:\/\/blogdorogeriogomes.com.br\/noticias\/wp-json\/wp\/v2\/posts\/28032\/revisions\/28034"}],"wp:featuredmedia":[{"embeddable":true,"href":"https:\/\/blogdorogeriogomes.com.br\/noticias\/wp-json\/wp\/v2\/media\/28033"}],"wp:attachment":[{"href":"https:\/\/blogdorogeriogomes.com.br\/noticias\/wp-json\/wp\/v2\/media?parent=28032"}],"wp:term":[{"taxonomy":"category","embeddable":true,"href":"https:\/\/blogdorogeriogomes.com.br\/noticias\/wp-json\/wp\/v2\/categories?post=28032"},{"taxonomy":"post_tag","embeddable":true,"href":"https:\/\/blogdorogeriogomes.com.br\/noticias\/wp-json\/wp\/v2\/tags?post=28032"}],"curies":[{"name":"wp","href":"https:\/\/api.w.org\/{rel}","templated":true}]}}