{"id":28035,"date":"2023-01-11T18:20:19","date_gmt":"2023-01-11T18:20:19","guid":{"rendered":"https:\/\/blogdorogeriogomes.com.br\/?p=28035"},"modified":"2023-01-11T19:50:00","modified_gmt":"2023-01-11T19:50:00","slug":"elmano-de-freitas-traca-diretrizes-do-governo-para-o-secretariado-estadual","status":"publish","type":"post","link":"https:\/\/blogdorogeriogomes.com.br\/noticias\/2023\/01\/elmano-de-freitas-traca-diretrizes-do-governo-para-o-secretariado-estadual\/","title":{"rendered":"Elmano de Freitas tra\u00e7a diretrizes do Governo para o secretariado estadual"},"content":{"rendered":"\n<p>Governo do Cear\u00e1 teve primeira reuni\u00e3o dos secret\u00e1rios estaduais, no Pal\u00e1cio da Aboli\u00e7\u00e3o, sob o comando de Elmano de Freitas, nesta quarta-feira , dia 11 de janeiro. Ap\u00f3s ida a Bras\u00edlia, o governador enfatizou que come\u00e7a a colocar em pr\u00e1tica promessas de campanha.<\/p>\n\n\n\n<p>Todos os secret\u00e1rios estiveram presentes no encontro. Cada pasta deve iniciar o planejamento para o primeiro ano gest\u00e3o. Na Educa\u00e7\u00e3o, por exemplo, a meta \u00e9 priorizar a amplia\u00e7\u00e3o da escola de tempo integral na rede estadual de ensino.<\/p>\n\n\n\n<p>Mas Elmano de Freitas enfatizou que h\u00e1 outras promessas de campanha a serem colocadas em pr\u00e1tica, como o combate a fome e a realiza\u00e7\u00e3o de mais cirurgias eletivas.<\/p>\n\n\n\n<p>Ap\u00f3s reuni\u00e3o com outros governadores e com o presidente Lula, em Bras\u00edlia, o governador Elmano de Freitas refor\u00e7ou a determina\u00e7\u00e3o do STF em refor\u00e7ar a seguran\u00e7a no Estado contra novas manifesta\u00e7\u00f5es bolsonaristas, inclusive, com amea\u00e7a de pris\u00e3o dos envolvidos que interditarem ruas ou avenidas.<\/p>\n\n\n\n<p>Sobre a reforma administrativa a ser encaminhada a Assembleia Legislativa criando novas secretarias estaduais, o governador confirmou que a mensagem est\u00e1 em fase de finaliza\u00e7\u00e3o.<\/p>\n\n\n\n<figure class=\"wp-block-image size-large\"><img loading=\"lazy\" decoding=\"async\" width=\"1024\" height=\"768\" src=\"https:\/\/blogdorogeriogomes.com.br\/wp-content\/uploads\/2023\/01\/IMG_20230111_144522807-1024x768.jpg\" alt=\"\" class=\"wp-image-28036\" srcset=\"https:\/\/blogdorogeriogomes.com.br\/noticias\/wp-content\/uploads\/2023\/01\/IMG_20230111_144522807-1024x768.jpg 1024w, https:\/\/blogdorogeriogomes.com.br\/noticias\/wp-content\/uploads\/2023\/01\/IMG_20230111_144522807-300x225.jpg 300w, https:\/\/blogdorogeriogomes.com.br\/noticias\/wp-content\/uploads\/2023\/01\/IMG_20230111_144522807-768x576.jpg 768w, https:\/\/blogdorogeriogomes.com.br\/noticias\/wp-content\/uploads\/2023\/01\/IMG_20230111_144522807-1536x1152.jpg 1536w, https:\/\/blogdorogeriogomes.com.br\/noticias\/wp-content\/uploads\/2023\/01\/IMG_20230111_144522807-2048x1536.jpg 2048w, https:\/\/blogdorogeriogomes.com.br\/noticias\/wp-content\/uploads\/2023\/01\/IMG_20230111_144522807-800x600.jpg 800w, https:\/\/blogdorogeriogomes.com.br\/noticias\/wp-content\/uploads\/2023\/01\/IMG_20230111_144522807-400x300.jpg 400w\" sizes=\"auto, (max-width: 1024px) 100vw, 1024px\" \/><\/figure>\n","protected":false},"excerpt":{"rendered":"<p>Governo do Cear\u00e1 teve primeira reuni\u00e3o dos secret\u00e1rios estaduais, no Pal\u00e1cio da Aboli\u00e7\u00e3o, sob o comando de Elmano de Freitas, nesta quarta-feira , dia 11 de janeiro. Ap\u00f3s ida a Bras\u00edlia, o governador enfatizou que come\u00e7a a colocar em pr\u00e1tica promessas de campanha. Todos os secret\u00e1rios estiveram presentes no encontro. Cada pasta deve iniciar o planejamento para o primeiro ano gest\u00e3o. Na Educa\u00e7\u00e3o, por exemplo, a meta \u00e9 priorizar a amplia\u00e7\u00e3o da escola de tempo integral na rede estadual&hellip;<\/p>\n","protected":false},"author":1,"featured_media":28036,"comment_status":"open","ping_status":"open","sticky":false,"template":"","format":"standard","meta":{"footnotes":""},"categories":[1],"tags":[],"class_list":["post-28035","post","type-post","status-publish","format-standard","has-post-thumbnail","hentry","category-noticias"],"_links":{"self":[{"href":"https:\/\/blogdorogeriogomes.com.br\/noticias\/wp-json\/wp\/v2\/posts\/28035","targetHints":{"allow":["GET"]}}],"collection":[{"href":"https:\/\/blogdorogeriogomes.com.br\/noticias\/wp-json\/wp\/v2\/posts"}],"about":[{"href":"https:\/\/blogdorogeriogomes.com.br\/noticias\/wp-json\/wp\/v2\/types\/post"}],"author":[{"embeddable":true,"href":"https:\/\/blogdorogeriogomes.com.br\/noticias\/wp-json\/wp\/v2\/users\/1"}],"replies":[{"embeddable":true,"href":"https:\/\/blogdorogeriogomes.com.br\/noticias\/wp-json\/wp\/v2\/comments?post=28035"}],"version-history":[{"count":1,"href":"https:\/\/blogdorogeriogomes.com.br\/noticias\/wp-json\/wp\/v2\/posts\/28035\/revisions"}],"predecessor-version":[{"id":28037,"href":"https:\/\/blogdorogeriogomes.com.br\/noticias\/wp-json\/wp\/v2\/posts\/28035\/revisions\/28037"}],"wp:featuredmedia":[{"embeddable":true,"href":"https:\/\/blogdorogeriogomes.com.br\/noticias\/wp-json\/wp\/v2\/media\/28036"}],"wp:attachment":[{"href":"https:\/\/blogdorogeriogomes.com.br\/noticias\/wp-json\/wp\/v2\/media?parent=28035"}],"wp:term":[{"taxonomy":"category","embeddable":true,"href":"https:\/\/blogdorogeriogomes.com.br\/noticias\/wp-json\/wp\/v2\/categories?post=28035"},{"taxonomy":"post_tag","embeddable":true,"href":"https:\/\/blogdorogeriogomes.com.br\/noticias\/wp-json\/wp\/v2\/tags?post=28035"}],"curies":[{"name":"wp","href":"https:\/\/api.w.org\/{rel}","templated":true}]}}