{"id":28041,"date":"2023-01-12T00:04:47","date_gmt":"2023-01-12T00:04:47","guid":{"rendered":"https:\/\/blogdorogeriogomes.com.br\/?p=28041"},"modified":"2023-01-12T12:46:06","modified_gmt":"2023-01-12T12:46:06","slug":"deputado-cearense-andre-fernandes-e-investigado-pelo-mpf-por-incitacao-a-atos-golpistas-tres-manifestantes-cearenses-estao-presos-em-brasilia","status":"publish","type":"post","link":"https:\/\/blogdorogeriogomes.com.br\/noticias\/2023\/01\/deputado-cearense-andre-fernandes-e-investigado-pelo-mpf-por-incitacao-a-atos-golpistas-tres-manifestantes-cearenses-estao-presos-em-brasilia\/","title":{"rendered":"Deputado cearense Andr\u00e9 Fernandes \u00e9 investigado pelo MPF por incita\u00e7\u00e3o a atos golpistas. Tr\u00eas manifestantes cearenses est\u00e3o presos em Bras\u00edlia"},"content":{"rendered":"\n<p>Quem incentivou pelas redes sociais os atos terroristas em Bras\u00edlia, no domingo passado, tamb\u00e9m podem pagar um pre\u00e7o alto. O Minist\u00e9rio P\u00fablico Federal (MPF) pediu ao Supremo Tribunal Federal (STF) a abertura de inqu\u00e9rito contra o deputado federal eleito pelo Cear\u00e1 Andr\u00e9 Fernandes (PL)&nbsp;por incita\u00e7\u00e3o aos atos de viol\u00eancia e vandalismo. Al\u00e9m do cearense, s\u00e3o alvos do mesmo pedido as deputadas Clarissa T\u00e9rcio (PP-PE) e Silvia Wai\u00e3pi (PL-AP).<\/p>\n\n\n\n<p>A base do pedido de investiga\u00e7\u00e3o s\u00e3o postagens feitas pelos parlamentares bolsonaristas em redes sociais antes e durante as invas\u00f5es \u00e0 sede dos Tr\u00eas Poderes.<\/p>\n\n\n\n<p>De acordo com a Secretaria Penitenci\u00e1ria do Distrito Federal, pelo menos tr\u00eas cearenses est\u00e3o presos entre os terroristas presos em Bras\u00edlia. Cerca de 1.200 pessoas foram detidas por envolvimento nos atos antidemocraticos.<\/p>\n\n\n\n<figure class=\"wp-block-image size-full\"><img loading=\"lazy\" decoding=\"async\" width=\"680\" height=\"451\" src=\"https:\/\/blogdorogeriogomes.com.br\/wp-content\/uploads\/2023\/01\/images-6.jpeg\" alt=\"\" class=\"wp-image-28042\" srcset=\"https:\/\/blogdorogeriogomes.com.br\/noticias\/wp-content\/uploads\/2023\/01\/images-6.jpeg 680w, https:\/\/blogdorogeriogomes.com.br\/noticias\/wp-content\/uploads\/2023\/01\/images-6-300x199.jpeg 300w\" sizes=\"auto, (max-width: 680px) 100vw, 680px\" \/><\/figure>\n","protected":false},"excerpt":{"rendered":"<p>Quem incentivou pelas redes sociais os atos terroristas em Bras\u00edlia, no domingo passado, tamb\u00e9m podem pagar um pre\u00e7o alto. O Minist\u00e9rio P\u00fablico Federal (MPF) pediu ao Supremo Tribunal Federal (STF) a abertura de inqu\u00e9rito contra o deputado federal eleito pelo Cear\u00e1 Andr\u00e9 Fernandes (PL)&nbsp;por incita\u00e7\u00e3o aos atos de viol\u00eancia e vandalismo. Al\u00e9m do cearense, s\u00e3o alvos do mesmo pedido as deputadas Clarissa T\u00e9rcio (PP-PE) e Silvia Wai\u00e3pi (PL-AP). A base do pedido de investiga\u00e7\u00e3o s\u00e3o postagens feitas pelos parlamentares&hellip;<\/p>\n","protected":false},"author":1,"featured_media":28042,"comment_status":"open","ping_status":"open","sticky":false,"template":"","format":"standard","meta":{"footnotes":""},"categories":[1],"tags":[],"class_list":["post-28041","post","type-post","status-publish","format-standard","has-post-thumbnail","hentry","category-noticias"],"_links":{"self":[{"href":"https:\/\/blogdorogeriogomes.com.br\/noticias\/wp-json\/wp\/v2\/posts\/28041","targetHints":{"allow":["GET"]}}],"collection":[{"href":"https:\/\/blogdorogeriogomes.com.br\/noticias\/wp-json\/wp\/v2\/posts"}],"about":[{"href":"https:\/\/blogdorogeriogomes.com.br\/noticias\/wp-json\/wp\/v2\/types\/post"}],"author":[{"embeddable":true,"href":"https:\/\/blogdorogeriogomes.com.br\/noticias\/wp-json\/wp\/v2\/users\/1"}],"replies":[{"embeddable":true,"href":"https:\/\/blogdorogeriogomes.com.br\/noticias\/wp-json\/wp\/v2\/comments?post=28041"}],"version-history":[{"count":2,"href":"https:\/\/blogdorogeriogomes.com.br\/noticias\/wp-json\/wp\/v2\/posts\/28041\/revisions"}],"predecessor-version":[{"id":28052,"href":"https:\/\/blogdorogeriogomes.com.br\/noticias\/wp-json\/wp\/v2\/posts\/28041\/revisions\/28052"}],"wp:featuredmedia":[{"embeddable":true,"href":"https:\/\/blogdorogeriogomes.com.br\/noticias\/wp-json\/wp\/v2\/media\/28042"}],"wp:attachment":[{"href":"https:\/\/blogdorogeriogomes.com.br\/noticias\/wp-json\/wp\/v2\/media?parent=28041"}],"wp:term":[{"taxonomy":"category","embeddable":true,"href":"https:\/\/blogdorogeriogomes.com.br\/noticias\/wp-json\/wp\/v2\/categories?post=28041"},{"taxonomy":"post_tag","embeddable":true,"href":"https:\/\/blogdorogeriogomes.com.br\/noticias\/wp-json\/wp\/v2\/tags?post=28041"}],"curies":[{"name":"wp","href":"https:\/\/api.w.org\/{rel}","templated":true}]}}