{"id":28044,"date":"2023-01-12T09:55:31","date_gmt":"2023-01-12T09:55:31","guid":{"rendered":"https:\/\/blogdorogeriogomes.com.br\/?p=28044"},"modified":"2023-01-12T12:45:46","modified_gmt":"2023-01-12T12:45:46","slug":"matriculas-de-alunos-novatos-na-rede-publica-estadual-comecam-nesta-quinta-feira","status":"publish","type":"post","link":"https:\/\/blogdorogeriogomes.com.br\/noticias\/2023\/01\/matriculas-de-alunos-novatos-na-rede-publica-estadual-comecam-nesta-quinta-feira\/","title":{"rendered":"Matr\u00edculas de alunos novatos na rede p\u00fablica estadual come\u00e7am nesta quinta-feira"},"content":{"rendered":"\n<p>Come\u00e7am as matr\u00edculas na rede estadual de ensino. Os alunos novatos j\u00e1 podem confirmar sua vaga a partir desta quinta-feira, dia 12 de janeiro. Para estudantes com defici\u00eancia o processo j\u00e1 teve in\u00edcio nesta quarta-feira, segundo a Secretaria da Educa\u00e7\u00e3o (Seduc).<\/p>\n\n\n\n<p>Nos munic\u00edpios do interior do Cear\u00e1 ,a matr\u00edcula de novatos ser\u00e1 presencial e come\u00e7a a ser realizada nesta quinta-feira para os alunos com defici\u00eancia. Para os demais alunos, se inicia nesta sexta-feira, dia 13.<\/p>\n\n\n\n<p>De acordo com a Secretaria de Educa\u00e7\u00e3o do Estado, com o objetivo de evitar aglomera\u00e7\u00f5es e dinamizar o processo de matr\u00edcula da rede estadual em Fortaleza, a secretaria disponibiliza o sistema de matr\u00edcula online. <\/p>\n\n\n\n<figure class=\"wp-block-image size-full\"><img loading=\"lazy\" decoding=\"async\" width=\"984\" height=\"655\" src=\"https:\/\/blogdorogeriogomes.com.br\/wp-content\/uploads\/2023\/01\/matricula.jpg\" alt=\"\" class=\"wp-image-28045\" srcset=\"https:\/\/blogdorogeriogomes.com.br\/noticias\/wp-content\/uploads\/2023\/01\/matricula.jpg 984w, https:\/\/blogdorogeriogomes.com.br\/noticias\/wp-content\/uploads\/2023\/01\/matricula-300x200.jpg 300w, https:\/\/blogdorogeriogomes.com.br\/noticias\/wp-content\/uploads\/2023\/01\/matricula-768x511.jpg 768w, https:\/\/blogdorogeriogomes.com.br\/noticias\/wp-content\/uploads\/2023\/01\/matricula-800x533.jpg 800w\" sizes=\"auto, (max-width: 984px) 100vw, 984px\" \/><\/figure>\n","protected":false},"excerpt":{"rendered":"<p>Come\u00e7am as matr\u00edculas na rede estadual de ensino. Os alunos novatos j\u00e1 podem confirmar sua vaga a partir desta quinta-feira, dia 12 de janeiro. Para estudantes com defici\u00eancia o processo j\u00e1 teve in\u00edcio nesta quarta-feira, segundo a Secretaria da Educa\u00e7\u00e3o (Seduc). Nos munic\u00edpios do interior do Cear\u00e1 ,a matr\u00edcula de novatos ser\u00e1 presencial e come\u00e7a a ser realizada nesta quinta-feira para os alunos com defici\u00eancia. Para os demais alunos, se inicia nesta sexta-feira, dia 13. De acordo com a&hellip;<\/p>\n","protected":false},"author":1,"featured_media":28045,"comment_status":"open","ping_status":"open","sticky":false,"template":"","format":"standard","meta":{"footnotes":""},"categories":[1],"tags":[],"class_list":["post-28044","post","type-post","status-publish","format-standard","has-post-thumbnail","hentry","category-noticias"],"_links":{"self":[{"href":"https:\/\/blogdorogeriogomes.com.br\/noticias\/wp-json\/wp\/v2\/posts\/28044","targetHints":{"allow":["GET"]}}],"collection":[{"href":"https:\/\/blogdorogeriogomes.com.br\/noticias\/wp-json\/wp\/v2\/posts"}],"about":[{"href":"https:\/\/blogdorogeriogomes.com.br\/noticias\/wp-json\/wp\/v2\/types\/post"}],"author":[{"embeddable":true,"href":"https:\/\/blogdorogeriogomes.com.br\/noticias\/wp-json\/wp\/v2\/users\/1"}],"replies":[{"embeddable":true,"href":"https:\/\/blogdorogeriogomes.com.br\/noticias\/wp-json\/wp\/v2\/comments?post=28044"}],"version-history":[{"count":1,"href":"https:\/\/blogdorogeriogomes.com.br\/noticias\/wp-json\/wp\/v2\/posts\/28044\/revisions"}],"predecessor-version":[{"id":28046,"href":"https:\/\/blogdorogeriogomes.com.br\/noticias\/wp-json\/wp\/v2\/posts\/28044\/revisions\/28046"}],"wp:featuredmedia":[{"embeddable":true,"href":"https:\/\/blogdorogeriogomes.com.br\/noticias\/wp-json\/wp\/v2\/media\/28045"}],"wp:attachment":[{"href":"https:\/\/blogdorogeriogomes.com.br\/noticias\/wp-json\/wp\/v2\/media?parent=28044"}],"wp:term":[{"taxonomy":"category","embeddable":true,"href":"https:\/\/blogdorogeriogomes.com.br\/noticias\/wp-json\/wp\/v2\/categories?post=28044"},{"taxonomy":"post_tag","embeddable":true,"href":"https:\/\/blogdorogeriogomes.com.br\/noticias\/wp-json\/wp\/v2\/tags?post=28044"}],"curies":[{"name":"wp","href":"https:\/\/api.w.org\/{rel}","templated":true}]}}