{"id":28047,"date":"2023-01-12T10:24:46","date_gmt":"2023-01-12T10:24:46","guid":{"rendered":"https:\/\/blogdorogeriogomes.com.br\/?p=28047"},"modified":"2023-01-12T12:45:32","modified_gmt":"2023-01-12T12:45:32","slug":"elmano-e-sarto-prometem-apoio-aos-dois-mil-demitidos-da-fabrica-guararapes","status":"publish","type":"post","link":"https:\/\/blogdorogeriogomes.com.br\/noticias\/2023\/01\/elmano-e-sarto-prometem-apoio-aos-dois-mil-demitidos-da-fabrica-guararapes\/","title":{"rendered":"Elmano e Sarto prometem apoio aos dois mil demitidos da F\u00e1brica Guararapes"},"content":{"rendered":"\n<p>O governador do Cear\u00e1, Elmano de Freitas (PT), disse que vai discutir medidas para ajudar os dois mil funcion\u00e1rios que foram demitidos do Grupo Guararapes, em Fortaleza, na \u00faltima ter\u00e7a-feira, dia 10 de janeiro. O Grupo Guararapes \u00e9 controlador das lojas Riachuelo em Fortaleza. &#8220;Vamos discutir j\u00e1 algumas medidas para ajudar essas pessoas para que elas n\u00e3o fiquem sem nenhum tipo de apoio, sem nenhum tipo de aux\u00edlio do nosso governo&#8221;, afirmou o governador.<\/p>\n\n\n\n<p>O prefeito de Fortaleza, Jos\u00e9 Sarto (PDT), tamb\u00e9m prestou solidariedade aos demitidos e ofereceu ajuda. &#8220;Diante dos impactos sociais e econ\u00f4micos desse cen\u00e1rio, determinei que a Secretaria Municipal do Desenvolvimento Econ\u00f4mico (SDE) elaborasse um plano para assistir os trabalhadores e trabalhadoras da empresa. Hoje mesmo nossas equipes j\u00e1 solicitaram ao Grupo Riachuelo a rela\u00e7\u00e3o de todas as pessoas demitidas para que sejam encaminhadas para as pol\u00edticas p\u00fablicas do Munic\u00edpio relacionadas ao trabalho e renda&#8221;, confirmou Sarto. <\/p>\n\n\n\n<figure class=\"wp-block-image size-full\"><img loading=\"lazy\" decoding=\"async\" width=\"678\" height=\"452\" src=\"https:\/\/blogdorogeriogomes.com.br\/wp-content\/uploads\/2023\/01\/images-7.jpeg\" alt=\"\" class=\"wp-image-28048\" srcset=\"https:\/\/blogdorogeriogomes.com.br\/noticias\/wp-content\/uploads\/2023\/01\/images-7.jpeg 678w, https:\/\/blogdorogeriogomes.com.br\/noticias\/wp-content\/uploads\/2023\/01\/images-7-300x200.jpeg 300w\" sizes=\"auto, (max-width: 678px) 100vw, 678px\" \/><\/figure>\n\n\n\n<p><\/p>\n\n\n\n<p><\/p>\n","protected":false},"excerpt":{"rendered":"<p>O governador do Cear\u00e1, Elmano de Freitas (PT), disse que vai discutir medidas para ajudar os dois mil funcion\u00e1rios que foram demitidos do Grupo Guararapes, em Fortaleza, na \u00faltima ter\u00e7a-feira, dia 10 de janeiro. O Grupo Guararapes \u00e9 controlador das lojas Riachuelo em Fortaleza. &#8220;Vamos discutir j\u00e1 algumas medidas para ajudar essas pessoas para que elas n\u00e3o fiquem sem nenhum tipo de apoio, sem nenhum tipo de aux\u00edlio do nosso governo&#8221;, afirmou o governador. O prefeito de Fortaleza, Jos\u00e9&hellip;<\/p>\n","protected":false},"author":1,"featured_media":28048,"comment_status":"open","ping_status":"open","sticky":false,"template":"","format":"standard","meta":{"footnotes":""},"categories":[1],"tags":[],"class_list":["post-28047","post","type-post","status-publish","format-standard","has-post-thumbnail","hentry","category-noticias"],"_links":{"self":[{"href":"https:\/\/blogdorogeriogomes.com.br\/noticias\/wp-json\/wp\/v2\/posts\/28047","targetHints":{"allow":["GET"]}}],"collection":[{"href":"https:\/\/blogdorogeriogomes.com.br\/noticias\/wp-json\/wp\/v2\/posts"}],"about":[{"href":"https:\/\/blogdorogeriogomes.com.br\/noticias\/wp-json\/wp\/v2\/types\/post"}],"author":[{"embeddable":true,"href":"https:\/\/blogdorogeriogomes.com.br\/noticias\/wp-json\/wp\/v2\/users\/1"}],"replies":[{"embeddable":true,"href":"https:\/\/blogdorogeriogomes.com.br\/noticias\/wp-json\/wp\/v2\/comments?post=28047"}],"version-history":[{"count":2,"href":"https:\/\/blogdorogeriogomes.com.br\/noticias\/wp-json\/wp\/v2\/posts\/28047\/revisions"}],"predecessor-version":[{"id":28051,"href":"https:\/\/blogdorogeriogomes.com.br\/noticias\/wp-json\/wp\/v2\/posts\/28047\/revisions\/28051"}],"wp:featuredmedia":[{"embeddable":true,"href":"https:\/\/blogdorogeriogomes.com.br\/noticias\/wp-json\/wp\/v2\/media\/28048"}],"wp:attachment":[{"href":"https:\/\/blogdorogeriogomes.com.br\/noticias\/wp-json\/wp\/v2\/media?parent=28047"}],"wp:term":[{"taxonomy":"category","embeddable":true,"href":"https:\/\/blogdorogeriogomes.com.br\/noticias\/wp-json\/wp\/v2\/categories?post=28047"},{"taxonomy":"post_tag","embeddable":true,"href":"https:\/\/blogdorogeriogomes.com.br\/noticias\/wp-json\/wp\/v2\/tags?post=28047"}],"curies":[{"name":"wp","href":"https:\/\/api.w.org\/{rel}","templated":true}]}}