{"id":28053,"date":"2023-01-12T18:53:14","date_gmt":"2023-01-12T18:53:14","guid":{"rendered":"https:\/\/blogdorogeriogomes.com.br\/?p=28053"},"modified":"2023-01-13T18:01:53","modified_gmt":"2023-01-13T18:01:53","slug":"cmf-volta-a-analisar-faixa-de-isencao-da-taxa-do-lixo-novo-lider-de-sarto-carlos-mesquita-tenta-entendimento-com-oposicao","status":"publish","type":"post","link":"https:\/\/blogdorogeriogomes.com.br\/noticias\/2023\/01\/cmf-volta-a-analisar-faixa-de-isencao-da-taxa-do-lixo-novo-lider-de-sarto-carlos-mesquita-tenta-entendimento-com-oposicao\/","title":{"rendered":"CMF volta a analisar faixa de isen\u00e7\u00e3o da taxa do lixo. Novo l\u00edder de Sarto, Carlos Mesquita, tenta entendimento com oposi\u00e7\u00e3o"},"content":{"rendered":"\n<p>A taxa do lixo em Fortaleza foi aprovada com uma pequena vantagem no fim de dezembro, mas n\u00e3o ficou definida qual a faixa de isen\u00e7\u00e3o do imposto. A Prefeitura quer que 70% dos moradores da Capital n\u00e3o paguem a taxa. O novo l\u00edder do prefeito Jos\u00e9 Sarto na C\u00e2mara Municipal, vereador Carlos Mesquita, defende o di\u00e1logo com a oposi\u00e7\u00e3o para aprovar a proposta. Mesquita esclarece que \u00e9 preciso explicar \u00e0 popula\u00e7\u00e3o que a taxa de lixo trar\u00e1 benef\u00edcios a Fortaleza na melhoria da coleta dos res\u00edduos s\u00f3lidos. Vereador Didi Mangueira \u00e9 o vice-lider de Jos\u00e9 Sarto.<\/p>\n\n\n\n<p>Os vereadores de Fortaleza estavam em recesso parlamentar agora em janeiro. Foram convocados de forma extraordin\u00e1ria e tem at\u00e9 31 de janeiro para definir qual ser\u00e1 a faixa de isen\u00e7\u00e3o do imposto.<\/p>\n\n\n\n<p>O prefeito Jos\u00e9 Sarto j\u00e1 deixou claro que a cobran\u00e7a da taxa de lixo s\u00f3 ser\u00e1 efetivada com a faixa de isen\u00e7\u00e3o em 70%. Para a oposi\u00e7\u00e3o, n\u00e3o est\u00e1 descartada a possibilidade de votar at\u00e9 contra a faixa de isen\u00e7\u00e3o para derrubar o imposto.<\/p>\n\n\n\n<figure class=\"wp-block-image size-full\"><img loading=\"lazy\" decoding=\"async\" width=\"640\" height=\"480\" src=\"https:\/\/blogdorogeriogomes.com.br\/wp-content\/uploads\/2023\/01\/images-8.jpeg\" alt=\"\" class=\"wp-image-28054\" srcset=\"https:\/\/blogdorogeriogomes.com.br\/noticias\/wp-content\/uploads\/2023\/01\/images-8.jpeg 640w, https:\/\/blogdorogeriogomes.com.br\/noticias\/wp-content\/uploads\/2023\/01\/images-8-300x225.jpeg 300w, https:\/\/blogdorogeriogomes.com.br\/noticias\/wp-content\/uploads\/2023\/01\/images-8-400x300.jpeg 400w\" sizes=\"auto, (max-width: 640px) 100vw, 640px\" \/><\/figure>\n","protected":false},"excerpt":{"rendered":"<p>A taxa do lixo em Fortaleza foi aprovada com uma pequena vantagem no fim de dezembro, mas n\u00e3o ficou definida qual a faixa de isen\u00e7\u00e3o do imposto. A Prefeitura quer que 70% dos moradores da Capital n\u00e3o paguem a taxa. O novo l\u00edder do prefeito Jos\u00e9 Sarto na C\u00e2mara Municipal, vereador Carlos Mesquita, defende o di\u00e1logo com a oposi\u00e7\u00e3o para aprovar a proposta. Mesquita esclarece que \u00e9 preciso explicar \u00e0 popula\u00e7\u00e3o que a taxa de lixo trar\u00e1 benef\u00edcios a&hellip;<\/p>\n","protected":false},"author":1,"featured_media":28054,"comment_status":"open","ping_status":"open","sticky":false,"template":"","format":"standard","meta":{"footnotes":""},"categories":[1],"tags":[],"class_list":["post-28053","post","type-post","status-publish","format-standard","has-post-thumbnail","hentry","category-noticias"],"_links":{"self":[{"href":"https:\/\/blogdorogeriogomes.com.br\/noticias\/wp-json\/wp\/v2\/posts\/28053","targetHints":{"allow":["GET"]}}],"collection":[{"href":"https:\/\/blogdorogeriogomes.com.br\/noticias\/wp-json\/wp\/v2\/posts"}],"about":[{"href":"https:\/\/blogdorogeriogomes.com.br\/noticias\/wp-json\/wp\/v2\/types\/post"}],"author":[{"embeddable":true,"href":"https:\/\/blogdorogeriogomes.com.br\/noticias\/wp-json\/wp\/v2\/users\/1"}],"replies":[{"embeddable":true,"href":"https:\/\/blogdorogeriogomes.com.br\/noticias\/wp-json\/wp\/v2\/comments?post=28053"}],"version-history":[{"count":1,"href":"https:\/\/blogdorogeriogomes.com.br\/noticias\/wp-json\/wp\/v2\/posts\/28053\/revisions"}],"predecessor-version":[{"id":28055,"href":"https:\/\/blogdorogeriogomes.com.br\/noticias\/wp-json\/wp\/v2\/posts\/28053\/revisions\/28055"}],"wp:featuredmedia":[{"embeddable":true,"href":"https:\/\/blogdorogeriogomes.com.br\/noticias\/wp-json\/wp\/v2\/media\/28054"}],"wp:attachment":[{"href":"https:\/\/blogdorogeriogomes.com.br\/noticias\/wp-json\/wp\/v2\/media?parent=28053"}],"wp:term":[{"taxonomy":"category","embeddable":true,"href":"https:\/\/blogdorogeriogomes.com.br\/noticias\/wp-json\/wp\/v2\/categories?post=28053"},{"taxonomy":"post_tag","embeddable":true,"href":"https:\/\/blogdorogeriogomes.com.br\/noticias\/wp-json\/wp\/v2\/tags?post=28053"}],"curies":[{"name":"wp","href":"https:\/\/api.w.org\/{rel}","templated":true}]}}