{"id":28056,"date":"2023-01-13T00:34:24","date_gmt":"2023-01-13T00:34:24","guid":{"rendered":"https:\/\/blogdorogeriogomes.com.br\/?p=28056"},"modified":"2023-01-13T18:01:42","modified_gmt":"2023-01-13T18:01:42","slug":"elmano-de-freitas-define-novos-nomes-da-equipe-no-terceiro-escalao-do-governo","status":"publish","type":"post","link":"https:\/\/blogdorogeriogomes.com.br\/noticias\/2023\/01\/elmano-de-freitas-define-novos-nomes-da-equipe-no-terceiro-escalao-do-governo\/","title":{"rendered":"Elmano de Freitas define novos nomes da equipe no terceiro escal\u00e3o do Governo"},"content":{"rendered":"\n<p>O governador do Cear\u00e1,&nbsp;Elmano de Freitas (PT), anunciou nesta quinta-feira, dia 12 de janeiro, novos nomes para o terceiro escal\u00e3o do Governo do Cear\u00e1.<br>Na Companhia de \u00c1gua e Esgoto do Cear\u00e1 (Cagece), ser\u00e1 mantido Neuri Freitas, presidente do \u00f3rg\u00e3o desde 2015.<br>Para o Instituto de Pesquisa e Estrat\u00e9gia Econ\u00f4mica do Cear\u00e1 (Ipece), o governador indicou Alfredo Pessoa, economista, professor universit\u00e1rio, assessor de Elmano no parlamento e secret\u00e1rio de Luizianne Lins (PT) na Prefeitura de Fortaleza.<br>Para a Empresa de Tecnologia da Informa\u00e7\u00e3o do Cear\u00e1 (Etice), foi escolhido Valdeci Rebou\u00e7as, ex-chefe de gabinete da presid\u00eancia da Etufor.<\/p>\n\n\n\n<figure class=\"wp-block-image size-large\"><img loading=\"lazy\" decoding=\"async\" width=\"819\" height=\"1024\" src=\"https:\/\/blogdorogeriogomes.com.br\/wp-content\/uploads\/2023\/01\/IMG-20230112-WA0092-819x1024.jpg\" alt=\"\" class=\"wp-image-28057\" srcset=\"https:\/\/blogdorogeriogomes.com.br\/noticias\/wp-content\/uploads\/2023\/01\/IMG-20230112-WA0092-819x1024.jpg 819w, https:\/\/blogdorogeriogomes.com.br\/noticias\/wp-content\/uploads\/2023\/01\/IMG-20230112-WA0092-240x300.jpg 240w, https:\/\/blogdorogeriogomes.com.br\/noticias\/wp-content\/uploads\/2023\/01\/IMG-20230112-WA0092-768x961.jpg 768w, https:\/\/blogdorogeriogomes.com.br\/noticias\/wp-content\/uploads\/2023\/01\/IMG-20230112-WA0092-800x1001.jpg 800w, https:\/\/blogdorogeriogomes.com.br\/noticias\/wp-content\/uploads\/2023\/01\/IMG-20230112-WA0092.jpg 1080w\" sizes=\"auto, (max-width: 819px) 100vw, 819px\" \/><\/figure>\n\n\n\n<figure class=\"wp-block-image size-large\"><img loading=\"lazy\" decoding=\"async\" width=\"819\" height=\"1024\" src=\"https:\/\/blogdorogeriogomes.com.br\/wp-content\/uploads\/2023\/01\/IMG-20230112-WA0091-819x1024.jpg\" alt=\"\" class=\"wp-image-28058\" srcset=\"https:\/\/blogdorogeriogomes.com.br\/noticias\/wp-content\/uploads\/2023\/01\/IMG-20230112-WA0091-819x1024.jpg 819w, https:\/\/blogdorogeriogomes.com.br\/noticias\/wp-content\/uploads\/2023\/01\/IMG-20230112-WA0091-240x300.jpg 240w, https:\/\/blogdorogeriogomes.com.br\/noticias\/wp-content\/uploads\/2023\/01\/IMG-20230112-WA0091-768x961.jpg 768w, https:\/\/blogdorogeriogomes.com.br\/noticias\/wp-content\/uploads\/2023\/01\/IMG-20230112-WA0091-800x1001.jpg 800w, https:\/\/blogdorogeriogomes.com.br\/noticias\/wp-content\/uploads\/2023\/01\/IMG-20230112-WA0091.jpg 1080w\" sizes=\"auto, (max-width: 819px) 100vw, 819px\" \/><\/figure>\n\n\n\n<figure class=\"wp-block-image size-large\"><img loading=\"lazy\" decoding=\"async\" width=\"819\" height=\"1024\" src=\"https:\/\/blogdorogeriogomes.com.br\/wp-content\/uploads\/2023\/01\/IMG-20230112-WA0090-819x1024.jpg\" alt=\"\" class=\"wp-image-28059\" srcset=\"https:\/\/blogdorogeriogomes.com.br\/noticias\/wp-content\/uploads\/2023\/01\/IMG-20230112-WA0090-819x1024.jpg 819w, https:\/\/blogdorogeriogomes.com.br\/noticias\/wp-content\/uploads\/2023\/01\/IMG-20230112-WA0090-240x300.jpg 240w, https:\/\/blogdorogeriogomes.com.br\/noticias\/wp-content\/uploads\/2023\/01\/IMG-20230112-WA0090-768x961.jpg 768w, https:\/\/blogdorogeriogomes.com.br\/noticias\/wp-content\/uploads\/2023\/01\/IMG-20230112-WA0090-800x1001.jpg 800w, https:\/\/blogdorogeriogomes.com.br\/noticias\/wp-content\/uploads\/2023\/01\/IMG-20230112-WA0090.jpg 1080w\" sizes=\"auto, (max-width: 819px) 100vw, 819px\" \/><\/figure>\n","protected":false},"excerpt":{"rendered":"<p>O governador do Cear\u00e1,&nbsp;Elmano de Freitas (PT), anunciou nesta quinta-feira, dia 12 de janeiro, novos nomes para o terceiro escal\u00e3o do Governo do Cear\u00e1.Na Companhia de \u00c1gua e Esgoto do Cear\u00e1 (Cagece), ser\u00e1 mantido Neuri Freitas, presidente do \u00f3rg\u00e3o desde 2015.Para o Instituto de Pesquisa e Estrat\u00e9gia Econ\u00f4mica do Cear\u00e1 (Ipece), o governador indicou Alfredo Pessoa, economista, professor universit\u00e1rio, assessor de Elmano no parlamento e secret\u00e1rio de Luizianne Lins (PT) na Prefeitura de Fortaleza.Para a Empresa de Tecnologia da&hellip;<\/p>\n","protected":false},"author":1,"featured_media":28059,"comment_status":"open","ping_status":"open","sticky":false,"template":"","format":"standard","meta":{"footnotes":""},"categories":[1],"tags":[],"class_list":["post-28056","post","type-post","status-publish","format-standard","has-post-thumbnail","hentry","category-noticias"],"_links":{"self":[{"href":"https:\/\/blogdorogeriogomes.com.br\/noticias\/wp-json\/wp\/v2\/posts\/28056","targetHints":{"allow":["GET"]}}],"collection":[{"href":"https:\/\/blogdorogeriogomes.com.br\/noticias\/wp-json\/wp\/v2\/posts"}],"about":[{"href":"https:\/\/blogdorogeriogomes.com.br\/noticias\/wp-json\/wp\/v2\/types\/post"}],"author":[{"embeddable":true,"href":"https:\/\/blogdorogeriogomes.com.br\/noticias\/wp-json\/wp\/v2\/users\/1"}],"replies":[{"embeddable":true,"href":"https:\/\/blogdorogeriogomes.com.br\/noticias\/wp-json\/wp\/v2\/comments?post=28056"}],"version-history":[{"count":1,"href":"https:\/\/blogdorogeriogomes.com.br\/noticias\/wp-json\/wp\/v2\/posts\/28056\/revisions"}],"predecessor-version":[{"id":28060,"href":"https:\/\/blogdorogeriogomes.com.br\/noticias\/wp-json\/wp\/v2\/posts\/28056\/revisions\/28060"}],"wp:featuredmedia":[{"embeddable":true,"href":"https:\/\/blogdorogeriogomes.com.br\/noticias\/wp-json\/wp\/v2\/media\/28059"}],"wp:attachment":[{"href":"https:\/\/blogdorogeriogomes.com.br\/noticias\/wp-json\/wp\/v2\/media?parent=28056"}],"wp:term":[{"taxonomy":"category","embeddable":true,"href":"https:\/\/blogdorogeriogomes.com.br\/noticias\/wp-json\/wp\/v2\/categories?post=28056"},{"taxonomy":"post_tag","embeddable":true,"href":"https:\/\/blogdorogeriogomes.com.br\/noticias\/wp-json\/wp\/v2\/tags?post=28056"}],"curies":[{"name":"wp","href":"https:\/\/api.w.org\/{rel}","templated":true}]}}