{"id":28064,"date":"2023-01-13T10:59:54","date_gmt":"2023-01-13T10:59:54","guid":{"rendered":"https:\/\/blogdorogeriogomes.com.br\/?p=28064"},"modified":"2023-01-13T18:01:19","modified_gmt":"2023-01-13T18:01:19","slug":"prefeitura-de-fortaleza-anuncia-acao-de-incentivo-ao-turismo-na-praia-do-futuro","status":"publish","type":"post","link":"https:\/\/blogdorogeriogomes.com.br\/noticias\/2023\/01\/prefeitura-de-fortaleza-anuncia-acao-de-incentivo-ao-turismo-na-praia-do-futuro\/","title":{"rendered":"Prefeitura de Fortaleza anuncia a\u00e7\u00e3o de incentivo ao turismo na Praia do Futuro"},"content":{"rendered":"\n<p>Nesta sexta-feira, dia 13 de janeiro, a Prefeitura de Fortaleza ir\u00e1 anunciar uma nova a\u00e7\u00e3o de est\u00edmulo ao turismo na Praia do Futuro. O prefeito em exerc\u00edcio \u00c9lcio Batista assinar\u00e1, \u00e0s 16 horas, na barraca \u00d3rbita Blue, novo decreto que define trecho na regi\u00e3o como \u201c\u00e1rea de potencial desenvolvimento sustent\u00e1vel da atividade tur\u00edstica\u201d e apresentar\u00e1 em coletiva de imprensa maiores detalhes sobre a iniciativa.<\/p>\n\n\n\n<p>A assinatura do Decreto de Interesse Tur\u00edstico Sustent\u00e1vel da Praia do Futuro deve contar com a presen\u00e7a de representantes da Associa\u00e7\u00e3o dos Propriet\u00e1rios de Barracas da Praia do Futuro e da Associa\u00e7\u00e3o de Bares e Restaurantes. A Praia do Futuro \u00e9 uma das mais frequentadas por turistas e fortalezenses na \u00e1rea urbana da Capital.<br><\/p>\n\n\n\n<figure class=\"wp-block-image size-full\"><img loading=\"lazy\" decoding=\"async\" width=\"701\" height=\"438\" src=\"https:\/\/blogdorogeriogomes.com.br\/wp-content\/uploads\/2023\/01\/images-9.jpeg\" alt=\"\" class=\"wp-image-28065\" srcset=\"https:\/\/blogdorogeriogomes.com.br\/noticias\/wp-content\/uploads\/2023\/01\/images-9.jpeg 701w, https:\/\/blogdorogeriogomes.com.br\/noticias\/wp-content\/uploads\/2023\/01\/images-9-300x187.jpeg 300w\" sizes=\"auto, (max-width: 701px) 100vw, 701px\" \/><\/figure>\n","protected":false},"excerpt":{"rendered":"<p>Nesta sexta-feira, dia 13 de janeiro, a Prefeitura de Fortaleza ir\u00e1 anunciar uma nova a\u00e7\u00e3o de est\u00edmulo ao turismo na Praia do Futuro. O prefeito em exerc\u00edcio \u00c9lcio Batista assinar\u00e1, \u00e0s 16 horas, na barraca \u00d3rbita Blue, novo decreto que define trecho na regi\u00e3o como \u201c\u00e1rea de potencial desenvolvimento sustent\u00e1vel da atividade tur\u00edstica\u201d e apresentar\u00e1 em coletiva de imprensa maiores detalhes sobre a iniciativa. A assinatura do Decreto de Interesse Tur\u00edstico Sustent\u00e1vel da Praia do Futuro deve contar com&hellip;<\/p>\n","protected":false},"author":1,"featured_media":28065,"comment_status":"open","ping_status":"open","sticky":false,"template":"","format":"standard","meta":{"footnotes":""},"categories":[1],"tags":[],"class_list":["post-28064","post","type-post","status-publish","format-standard","has-post-thumbnail","hentry","category-noticias"],"_links":{"self":[{"href":"https:\/\/blogdorogeriogomes.com.br\/noticias\/wp-json\/wp\/v2\/posts\/28064","targetHints":{"allow":["GET"]}}],"collection":[{"href":"https:\/\/blogdorogeriogomes.com.br\/noticias\/wp-json\/wp\/v2\/posts"}],"about":[{"href":"https:\/\/blogdorogeriogomes.com.br\/noticias\/wp-json\/wp\/v2\/types\/post"}],"author":[{"embeddable":true,"href":"https:\/\/blogdorogeriogomes.com.br\/noticias\/wp-json\/wp\/v2\/users\/1"}],"replies":[{"embeddable":true,"href":"https:\/\/blogdorogeriogomes.com.br\/noticias\/wp-json\/wp\/v2\/comments?post=28064"}],"version-history":[{"count":1,"href":"https:\/\/blogdorogeriogomes.com.br\/noticias\/wp-json\/wp\/v2\/posts\/28064\/revisions"}],"predecessor-version":[{"id":28066,"href":"https:\/\/blogdorogeriogomes.com.br\/noticias\/wp-json\/wp\/v2\/posts\/28064\/revisions\/28066"}],"wp:featuredmedia":[{"embeddable":true,"href":"https:\/\/blogdorogeriogomes.com.br\/noticias\/wp-json\/wp\/v2\/media\/28065"}],"wp:attachment":[{"href":"https:\/\/blogdorogeriogomes.com.br\/noticias\/wp-json\/wp\/v2\/media?parent=28064"}],"wp:term":[{"taxonomy":"category","embeddable":true,"href":"https:\/\/blogdorogeriogomes.com.br\/noticias\/wp-json\/wp\/v2\/categories?post=28064"},{"taxonomy":"post_tag","embeddable":true,"href":"https:\/\/blogdorogeriogomes.com.br\/noticias\/wp-json\/wp\/v2\/tags?post=28064"}],"curies":[{"name":"wp","href":"https:\/\/api.w.org\/{rel}","templated":true}]}}