{"id":28074,"date":"2023-01-14T11:29:15","date_gmt":"2023-01-14T11:29:15","guid":{"rendered":"https:\/\/blogdorogeriogomes.com.br\/?p=28074"},"modified":"2023-01-17T19:57:14","modified_gmt":"2023-01-17T19:57:14","slug":"governo-do-ceara-tambem-deve-implantar-cameras-corporais-na-pm-e-policia-civil","status":"publish","type":"post","link":"https:\/\/blogdorogeriogomes.com.br\/noticias\/2023\/01\/governo-do-ceara-tambem-deve-implantar-cameras-corporais-na-pm-e-policia-civil\/","title":{"rendered":"Governo do Cear\u00e1 tamb\u00e9m deve implantar c\u00e2meras corporais na PM e Pol\u00edcia Civil"},"content":{"rendered":"\n<p>Depois de anunciar a implanta\u00e7\u00e3o de c\u00e2meras corporais em policiais penais que atuam no sistema penitenci\u00e1rio do Cear\u00e1, a partir de fevereiro, o governador Elmano de Freitas (PT) projeta estender a tecnologia para a Pol\u00edcia Militar e Civil no Estado.<\/p>\n\n\n\n<p>O governador diz que o objetivo \u00e9 dar mais transpar\u00eancia na a\u00e7\u00e3o dos policiais. Elmano deve se reunir em breve com os comandante da PM e com o diretor-geral da Pol\u00edcia Civil para discutir o plano operacional de utiliza\u00e7\u00e3o das c\u00e2meras pelos agentes.<\/p>\n\n\n\n<figure class=\"wp-block-image size-full\"><img loading=\"lazy\" decoding=\"async\" width=\"640\" height=\"480\" src=\"https:\/\/blogdorogeriogomes.com.br\/wp-content\/uploads\/2023\/01\/images-10.jpeg\" alt=\"\" class=\"wp-image-28075\" srcset=\"https:\/\/blogdorogeriogomes.com.br\/noticias\/wp-content\/uploads\/2023\/01\/images-10.jpeg 640w, https:\/\/blogdorogeriogomes.com.br\/noticias\/wp-content\/uploads\/2023\/01\/images-10-300x225.jpeg 300w, https:\/\/blogdorogeriogomes.com.br\/noticias\/wp-content\/uploads\/2023\/01\/images-10-400x300.jpeg 400w\" sizes=\"auto, (max-width: 640px) 100vw, 640px\" \/><\/figure>\n","protected":false},"excerpt":{"rendered":"<p>Depois de anunciar a implanta\u00e7\u00e3o de c\u00e2meras corporais em policiais penais que atuam no sistema penitenci\u00e1rio do Cear\u00e1, a partir de fevereiro, o governador Elmano de Freitas (PT) projeta estender a tecnologia para a Pol\u00edcia Militar e Civil no Estado. O governador diz que o objetivo \u00e9 dar mais transpar\u00eancia na a\u00e7\u00e3o dos policiais. Elmano deve se reunir em breve com os comandante da PM e com o diretor-geral da Pol\u00edcia Civil para discutir o plano operacional de utiliza\u00e7\u00e3o&hellip;<\/p>\n","protected":false},"author":1,"featured_media":28075,"comment_status":"open","ping_status":"open","sticky":false,"template":"","format":"standard","meta":{"footnotes":""},"categories":[1],"tags":[],"class_list":["post-28074","post","type-post","status-publish","format-standard","has-post-thumbnail","hentry","category-noticias"],"_links":{"self":[{"href":"https:\/\/blogdorogeriogomes.com.br\/noticias\/wp-json\/wp\/v2\/posts\/28074","targetHints":{"allow":["GET"]}}],"collection":[{"href":"https:\/\/blogdorogeriogomes.com.br\/noticias\/wp-json\/wp\/v2\/posts"}],"about":[{"href":"https:\/\/blogdorogeriogomes.com.br\/noticias\/wp-json\/wp\/v2\/types\/post"}],"author":[{"embeddable":true,"href":"https:\/\/blogdorogeriogomes.com.br\/noticias\/wp-json\/wp\/v2\/users\/1"}],"replies":[{"embeddable":true,"href":"https:\/\/blogdorogeriogomes.com.br\/noticias\/wp-json\/wp\/v2\/comments?post=28074"}],"version-history":[{"count":1,"href":"https:\/\/blogdorogeriogomes.com.br\/noticias\/wp-json\/wp\/v2\/posts\/28074\/revisions"}],"predecessor-version":[{"id":28076,"href":"https:\/\/blogdorogeriogomes.com.br\/noticias\/wp-json\/wp\/v2\/posts\/28074\/revisions\/28076"}],"wp:featuredmedia":[{"embeddable":true,"href":"https:\/\/blogdorogeriogomes.com.br\/noticias\/wp-json\/wp\/v2\/media\/28075"}],"wp:attachment":[{"href":"https:\/\/blogdorogeriogomes.com.br\/noticias\/wp-json\/wp\/v2\/media?parent=28074"}],"wp:term":[{"taxonomy":"category","embeddable":true,"href":"https:\/\/blogdorogeriogomes.com.br\/noticias\/wp-json\/wp\/v2\/categories?post=28074"},{"taxonomy":"post_tag","embeddable":true,"href":"https:\/\/blogdorogeriogomes.com.br\/noticias\/wp-json\/wp\/v2\/tags?post=28074"}],"curies":[{"name":"wp","href":"https:\/\/api.w.org\/{rel}","templated":true}]}}