{"id":28077,"date":"2023-01-16T20:11:53","date_gmt":"2023-01-16T20:11:53","guid":{"rendered":"https:\/\/blogdorogeriogomes.com.br\/?p=28077"},"modified":"2023-01-17T19:56:44","modified_gmt":"2023-01-17T19:56:44","slug":"elmano-de-freitas-anuncia-pagamento-dos-precatorios-do-fundef-a-professores-da-rede-estadual","status":"publish","type":"post","link":"https:\/\/blogdorogeriogomes.com.br\/noticias\/2023\/01\/elmano-de-freitas-anuncia-pagamento-dos-precatorios-do-fundef-a-professores-da-rede-estadual\/","title":{"rendered":"Elmano de Freitas anuncia pagamento dos precat\u00f3rios do Fundef a professores da rede estadual"},"content":{"rendered":"\n<p>O pagamento do abono dos professores referente ao rateio dos precat\u00f3rios do Fundef foi anunciado, na tarde desta segunda-feira, dia 16 de janeiro, pelo governador do Cear\u00e1, Elmano de Freitas, e pela secret\u00e1ria da Educa\u00e7\u00e3o, Eliana Estrela, pelas redes sociais. A partir do dia 1\u00ba de fevereiro de 2023, os 50.248 professores enquadrados nos crit\u00e9rios receber\u00e3o o rateio de R$ 745 milh\u00f5es, correspondentes \u00e0 primeira parcela do recurso.<\/p>\n\n\n\n<p>Os benefici\u00e1rios que possuem v\u00ednculo funcional estatut\u00e1rio, na condi\u00e7\u00e3o de ativos, aposentados e com v\u00ednculo tempor\u00e1rio na folha de pagamento da Seduc receber\u00e3o, no pr\u00f3ximo dia 1\u00ba, a quantia do abono na conta corrente pessoal em que habitualmente recebem suas remunera\u00e7\u00f5es.<\/p>\n\n\n\n<figure class=\"wp-block-image size-large\"><img loading=\"lazy\" decoding=\"async\" width=\"1024\" height=\"683\" src=\"https:\/\/blogdorogeriogomes.com.br\/wp-content\/uploads\/2023\/01\/JW06543-1200x800-1-1024x683.jpg\" alt=\"\" class=\"wp-image-28078\" srcset=\"https:\/\/blogdorogeriogomes.com.br\/noticias\/wp-content\/uploads\/2023\/01\/JW06543-1200x800-1-1024x683.jpg 1024w, https:\/\/blogdorogeriogomes.com.br\/noticias\/wp-content\/uploads\/2023\/01\/JW06543-1200x800-1-300x200.jpg 300w, https:\/\/blogdorogeriogomes.com.br\/noticias\/wp-content\/uploads\/2023\/01\/JW06543-1200x800-1-768x512.jpg 768w, https:\/\/blogdorogeriogomes.com.br\/noticias\/wp-content\/uploads\/2023\/01\/JW06543-1200x800-1-800x533.jpg 800w, https:\/\/blogdorogeriogomes.com.br\/noticias\/wp-content\/uploads\/2023\/01\/JW06543-1200x800-1.jpg 1200w\" sizes=\"auto, (max-width: 1024px) 100vw, 1024px\" \/><\/figure>\n","protected":false},"excerpt":{"rendered":"<p>O pagamento do abono dos professores referente ao rateio dos precat\u00f3rios do Fundef foi anunciado, na tarde desta segunda-feira, dia 16 de janeiro, pelo governador do Cear\u00e1, Elmano de Freitas, e pela secret\u00e1ria da Educa\u00e7\u00e3o, Eliana Estrela, pelas redes sociais. A partir do dia 1\u00ba de fevereiro de 2023, os 50.248 professores enquadrados nos crit\u00e9rios receber\u00e3o o rateio de R$ 745 milh\u00f5es, correspondentes \u00e0 primeira parcela do recurso. Os benefici\u00e1rios que possuem v\u00ednculo funcional estatut\u00e1rio, na condi\u00e7\u00e3o de ativos,&hellip;<\/p>\n","protected":false},"author":1,"featured_media":28078,"comment_status":"open","ping_status":"open","sticky":false,"template":"","format":"standard","meta":{"footnotes":""},"categories":[1],"tags":[],"class_list":["post-28077","post","type-post","status-publish","format-standard","has-post-thumbnail","hentry","category-noticias"],"_links":{"self":[{"href":"https:\/\/blogdorogeriogomes.com.br\/noticias\/wp-json\/wp\/v2\/posts\/28077","targetHints":{"allow":["GET"]}}],"collection":[{"href":"https:\/\/blogdorogeriogomes.com.br\/noticias\/wp-json\/wp\/v2\/posts"}],"about":[{"href":"https:\/\/blogdorogeriogomes.com.br\/noticias\/wp-json\/wp\/v2\/types\/post"}],"author":[{"embeddable":true,"href":"https:\/\/blogdorogeriogomes.com.br\/noticias\/wp-json\/wp\/v2\/users\/1"}],"replies":[{"embeddable":true,"href":"https:\/\/blogdorogeriogomes.com.br\/noticias\/wp-json\/wp\/v2\/comments?post=28077"}],"version-history":[{"count":1,"href":"https:\/\/blogdorogeriogomes.com.br\/noticias\/wp-json\/wp\/v2\/posts\/28077\/revisions"}],"predecessor-version":[{"id":28079,"href":"https:\/\/blogdorogeriogomes.com.br\/noticias\/wp-json\/wp\/v2\/posts\/28077\/revisions\/28079"}],"wp:featuredmedia":[{"embeddable":true,"href":"https:\/\/blogdorogeriogomes.com.br\/noticias\/wp-json\/wp\/v2\/media\/28078"}],"wp:attachment":[{"href":"https:\/\/blogdorogeriogomes.com.br\/noticias\/wp-json\/wp\/v2\/media?parent=28077"}],"wp:term":[{"taxonomy":"category","embeddable":true,"href":"https:\/\/blogdorogeriogomes.com.br\/noticias\/wp-json\/wp\/v2\/categories?post=28077"},{"taxonomy":"post_tag","embeddable":true,"href":"https:\/\/blogdorogeriogomes.com.br\/noticias\/wp-json\/wp\/v2\/tags?post=28077"}],"curies":[{"name":"wp","href":"https:\/\/api.w.org\/{rel}","templated":true}]}}