{"id":28080,"date":"2023-01-17T10:00:12","date_gmt":"2023-01-17T10:00:12","guid":{"rendered":"https:\/\/blogdorogeriogomes.com.br\/?p=28080"},"modified":"2023-01-17T19:56:33","modified_gmt":"2023-01-17T19:56:33","slug":"ministro-camilo-santana-anuncia-aumento-de-15-no-piso-nacional-dos-professores","status":"publish","type":"post","link":"https:\/\/blogdorogeriogomes.com.br\/noticias\/2023\/01\/ministro-camilo-santana-anuncia-aumento-de-15-no-piso-nacional-dos-professores\/","title":{"rendered":"Ministro Camilo Santana anuncia aumento de 15% no piso nacional dos professores"},"content":{"rendered":"\n<p>O ministro da Educa\u00e7\u00e3o Camilo Santana (PT) assinou, nesta segunda-feira, dia 16 de janeiro, a portaria que estabelece o novo piso do magist\u00e9rio neste ano. O rendimento dos profissionais passa de R$ 3.845,63 para R$ 4.420,55.<\/p>\n\n\n\n<p>O valor \u00e9 a base do vencimento inicial das carreiras do magist\u00e9rio p\u00fablico da educa\u00e7\u00e3o b\u00e1sica para a forma\u00e7\u00e3o em n\u00edvel m\u00e9dio, na modalidade normal, com jornada de 40 horas semanais.<\/p>\n\n\n\n<p>&#8220;A valoriza\u00e7\u00e3o dos nossos profissionais da educa\u00e7\u00e3o \u00e9 fator determinante para o crescimento do nosso pa\u00eds&#8221;, escreveu o petista nas redes sociais.<\/p>\n\n\n\n<figure class=\"wp-block-image size-full\"><img loading=\"lazy\" decoding=\"async\" width=\"418\" height=\"314\" src=\"https:\/\/blogdorogeriogomes.com.br\/wp-content\/uploads\/2023\/01\/professor.jpg\" alt=\"\" class=\"wp-image-28081\" srcset=\"https:\/\/blogdorogeriogomes.com.br\/noticias\/wp-content\/uploads\/2023\/01\/professor.jpg 418w, https:\/\/blogdorogeriogomes.com.br\/noticias\/wp-content\/uploads\/2023\/01\/professor-300x225.jpg 300w, https:\/\/blogdorogeriogomes.com.br\/noticias\/wp-content\/uploads\/2023\/01\/professor-400x300.jpg 400w\" sizes=\"auto, (max-width: 418px) 100vw, 418px\" \/><\/figure>\n","protected":false},"excerpt":{"rendered":"<p>O ministro da Educa\u00e7\u00e3o Camilo Santana (PT) assinou, nesta segunda-feira, dia 16 de janeiro, a portaria que estabelece o novo piso do magist\u00e9rio neste ano. O rendimento dos profissionais passa de R$ 3.845,63 para R$ 4.420,55. O valor \u00e9 a base do vencimento inicial das carreiras do magist\u00e9rio p\u00fablico da educa\u00e7\u00e3o b\u00e1sica para a forma\u00e7\u00e3o em n\u00edvel m\u00e9dio, na modalidade normal, com jornada de 40 horas semanais. &#8220;A valoriza\u00e7\u00e3o dos nossos profissionais da educa\u00e7\u00e3o \u00e9 fator determinante para o&hellip;<\/p>\n","protected":false},"author":1,"featured_media":28081,"comment_status":"open","ping_status":"open","sticky":false,"template":"","format":"standard","meta":{"footnotes":""},"categories":[1],"tags":[],"class_list":["post-28080","post","type-post","status-publish","format-standard","has-post-thumbnail","hentry","category-noticias"],"_links":{"self":[{"href":"https:\/\/blogdorogeriogomes.com.br\/noticias\/wp-json\/wp\/v2\/posts\/28080","targetHints":{"allow":["GET"]}}],"collection":[{"href":"https:\/\/blogdorogeriogomes.com.br\/noticias\/wp-json\/wp\/v2\/posts"}],"about":[{"href":"https:\/\/blogdorogeriogomes.com.br\/noticias\/wp-json\/wp\/v2\/types\/post"}],"author":[{"embeddable":true,"href":"https:\/\/blogdorogeriogomes.com.br\/noticias\/wp-json\/wp\/v2\/users\/1"}],"replies":[{"embeddable":true,"href":"https:\/\/blogdorogeriogomes.com.br\/noticias\/wp-json\/wp\/v2\/comments?post=28080"}],"version-history":[{"count":1,"href":"https:\/\/blogdorogeriogomes.com.br\/noticias\/wp-json\/wp\/v2\/posts\/28080\/revisions"}],"predecessor-version":[{"id":28082,"href":"https:\/\/blogdorogeriogomes.com.br\/noticias\/wp-json\/wp\/v2\/posts\/28080\/revisions\/28082"}],"wp:featuredmedia":[{"embeddable":true,"href":"https:\/\/blogdorogeriogomes.com.br\/noticias\/wp-json\/wp\/v2\/media\/28081"}],"wp:attachment":[{"href":"https:\/\/blogdorogeriogomes.com.br\/noticias\/wp-json\/wp\/v2\/media?parent=28080"}],"wp:term":[{"taxonomy":"category","embeddable":true,"href":"https:\/\/blogdorogeriogomes.com.br\/noticias\/wp-json\/wp\/v2\/categories?post=28080"},{"taxonomy":"post_tag","embeddable":true,"href":"https:\/\/blogdorogeriogomes.com.br\/noticias\/wp-json\/wp\/v2\/tags?post=28080"}],"curies":[{"name":"wp","href":"https:\/\/api.w.org\/{rel}","templated":true}]}}