{"id":28083,"date":"2023-01-17T10:30:16","date_gmt":"2023-01-17T10:30:16","guid":{"rendered":"https:\/\/blogdorogeriogomes.com.br\/?p=28083"},"modified":"2023-01-17T19:56:17","modified_gmt":"2023-01-17T19:56:17","slug":"analise-da-faixa-de-isentos-da-taxa-do-lixo-volta-a-pauta-da-camara-municipal-de-fortaleza-nesta-terca-feira","status":"publish","type":"post","link":"https:\/\/blogdorogeriogomes.com.br\/noticias\/2023\/01\/analise-da-faixa-de-isentos-da-taxa-do-lixo-volta-a-pauta-da-camara-municipal-de-fortaleza-nesta-terca-feira\/","title":{"rendered":"An\u00e1lise da faixa de isentos da taxa do lixo volta a pauta da C\u00e2mara Municipal de Fortaleza nesta ter\u00e7a-feira"},"content":{"rendered":"\n<p>A taxa do lixo volta a ser discutida nesta ter\u00e7a-feira, dia 17 de janeiro, na C\u00e2mara Municipal de Fortaleza. Est\u00e1 prevista uma reuni\u00e3o da Comiss\u00e3o Conjunta de Constitui\u00e7\u00e3o e Or\u00e7amento para analisar o projeto de lei que institui as isen\u00e7\u00f5es da taxa do lixo na Capital. Aprovada no fim do ano passado, a cobran\u00e7a n\u00e3o inclui resid\u00eancias isentas e, por isso, um novo projeto foi enviado pelo prefeito Jos\u00e9 Sarto (PDT) ao Legislativo para negociar a dispensa de 70% dos im\u00f3veis do munic\u00edpio.<\/p>\n\n\n\n<p>Os vereadores da oposi\u00e7\u00e3o tentam aumentar o percentual de isentos de 70% para 85%. J\u00e1 o vereador Ronaldo Martins (Republicanos) quer a extens\u00e3o da isen\u00e7\u00e3o na taxa do lixo para&nbsp;igrejas e institui\u00e7\u00f5es sem fins lucrativos.<\/p>\n\n\n\n<figure class=\"wp-block-image size-full\"><img loading=\"lazy\" decoding=\"async\" width=\"818\" height=\"459\" src=\"https:\/\/blogdorogeriogomes.com.br\/wp-content\/uploads\/2023\/01\/1_camara_municipal_taxa_do_lixo_34-20597653.jpg\" alt=\"\" class=\"wp-image-28084\" srcset=\"https:\/\/blogdorogeriogomes.com.br\/noticias\/wp-content\/uploads\/2023\/01\/1_camara_municipal_taxa_do_lixo_34-20597653.jpg 818w, https:\/\/blogdorogeriogomes.com.br\/noticias\/wp-content\/uploads\/2023\/01\/1_camara_municipal_taxa_do_lixo_34-20597653-300x168.jpg 300w, https:\/\/blogdorogeriogomes.com.br\/noticias\/wp-content\/uploads\/2023\/01\/1_camara_municipal_taxa_do_lixo_34-20597653-768x431.jpg 768w, https:\/\/blogdorogeriogomes.com.br\/noticias\/wp-content\/uploads\/2023\/01\/1_camara_municipal_taxa_do_lixo_34-20597653-800x449.jpg 800w\" sizes=\"auto, (max-width: 818px) 100vw, 818px\" \/><\/figure>\n","protected":false},"excerpt":{"rendered":"<p>A taxa do lixo volta a ser discutida nesta ter\u00e7a-feira, dia 17 de janeiro, na C\u00e2mara Municipal de Fortaleza. Est\u00e1 prevista uma reuni\u00e3o da Comiss\u00e3o Conjunta de Constitui\u00e7\u00e3o e Or\u00e7amento para analisar o projeto de lei que institui as isen\u00e7\u00f5es da taxa do lixo na Capital. Aprovada no fim do ano passado, a cobran\u00e7a n\u00e3o inclui resid\u00eancias isentas e, por isso, um novo projeto foi enviado pelo prefeito Jos\u00e9 Sarto (PDT) ao Legislativo para negociar a dispensa de 70%&hellip;<\/p>\n","protected":false},"author":1,"featured_media":28084,"comment_status":"open","ping_status":"open","sticky":false,"template":"","format":"standard","meta":{"footnotes":""},"categories":[1],"tags":[],"class_list":["post-28083","post","type-post","status-publish","format-standard","has-post-thumbnail","hentry","category-noticias"],"_links":{"self":[{"href":"https:\/\/blogdorogeriogomes.com.br\/noticias\/wp-json\/wp\/v2\/posts\/28083","targetHints":{"allow":["GET"]}}],"collection":[{"href":"https:\/\/blogdorogeriogomes.com.br\/noticias\/wp-json\/wp\/v2\/posts"}],"about":[{"href":"https:\/\/blogdorogeriogomes.com.br\/noticias\/wp-json\/wp\/v2\/types\/post"}],"author":[{"embeddable":true,"href":"https:\/\/blogdorogeriogomes.com.br\/noticias\/wp-json\/wp\/v2\/users\/1"}],"replies":[{"embeddable":true,"href":"https:\/\/blogdorogeriogomes.com.br\/noticias\/wp-json\/wp\/v2\/comments?post=28083"}],"version-history":[{"count":2,"href":"https:\/\/blogdorogeriogomes.com.br\/noticias\/wp-json\/wp\/v2\/posts\/28083\/revisions"}],"predecessor-version":[{"id":28093,"href":"https:\/\/blogdorogeriogomes.com.br\/noticias\/wp-json\/wp\/v2\/posts\/28083\/revisions\/28093"}],"wp:featuredmedia":[{"embeddable":true,"href":"https:\/\/blogdorogeriogomes.com.br\/noticias\/wp-json\/wp\/v2\/media\/28084"}],"wp:attachment":[{"href":"https:\/\/blogdorogeriogomes.com.br\/noticias\/wp-json\/wp\/v2\/media?parent=28083"}],"wp:term":[{"taxonomy":"category","embeddable":true,"href":"https:\/\/blogdorogeriogomes.com.br\/noticias\/wp-json\/wp\/v2\/categories?post=28083"},{"taxonomy":"post_tag","embeddable":true,"href":"https:\/\/blogdorogeriogomes.com.br\/noticias\/wp-json\/wp\/v2\/tags?post=28083"}],"curies":[{"name":"wp","href":"https:\/\/api.w.org\/{rel}","templated":true}]}}