{"id":28086,"date":"2023-01-17T10:45:39","date_gmt":"2023-01-17T10:45:39","guid":{"rendered":"https:\/\/blogdorogeriogomes.com.br\/?p=28086"},"modified":"2023-01-17T19:56:04","modified_gmt":"2023-01-17T19:56:04","slug":"presidente-lula-tera-encontros-bilaterais-em-janeiro-com-argentina-cuba-e-venezuela-durante-viagem-a-buenos-aires","status":"publish","type":"post","link":"https:\/\/blogdorogeriogomes.com.br\/noticias\/2023\/01\/presidente-lula-tera-encontros-bilaterais-em-janeiro-com-argentina-cuba-e-venezuela-durante-viagem-a-buenos-aires\/","title":{"rendered":"Presidente Lula ter\u00e1 encontros bilaterais em janeiro com Argentina, Cuba e Venezuela durante viagem a Buenos Aires"},"content":{"rendered":"\n<p>O presidente Lula planeja realizar reuni\u00f5es bilaterais na Argentina com o presidente Alberto Fern\u00e1ndez e ao menos dois chefes de Estado de outros pa\u00edses durante a c\u00fapula da Comunidade de Estados Latino-Americanos e Caribenhos. O evento acontecer\u00e1 no dia 24 de janeiro, em Buenos Aires, na Argentina.<\/p>\n\n\n\n<p>Antes disso, no dia 23 de janeiro, o petista deve ter um encontro oficial com o presidente da Argentina, Alberto Fernandez. Diplomatas brasileiros ainda estudam o teor dos encontros com os presidentes cubano e venezuelano: se ser\u00e3o apenas para aproxima\u00e7\u00e3o pol\u00edtica ou se haver\u00e1 acertos para coopera\u00e7\u00e3o comercial.&nbsp;<\/p>\n\n\n\n<figure class=\"wp-block-image size-full\"><img loading=\"lazy\" decoding=\"async\" width=\"500\" height=\"240\" src=\"https:\/\/blogdorogeriogomes.com.br\/wp-content\/uploads\/2023\/01\/20230113070140_25cb4b332bf2f9ce86a30d9a67ffb3c6a1d26304f1adb218c47f5225a2d1ee3c.webp\" alt=\"\" class=\"wp-image-28087\" srcset=\"https:\/\/blogdorogeriogomes.com.br\/noticias\/wp-content\/uploads\/2023\/01\/20230113070140_25cb4b332bf2f9ce86a30d9a67ffb3c6a1d26304f1adb218c47f5225a2d1ee3c.webp 500w, https:\/\/blogdorogeriogomes.com.br\/noticias\/wp-content\/uploads\/2023\/01\/20230113070140_25cb4b332bf2f9ce86a30d9a67ffb3c6a1d26304f1adb218c47f5225a2d1ee3c-300x144.webp 300w\" sizes=\"auto, (max-width: 500px) 100vw, 500px\" \/><\/figure>\n\n\n\n<p><\/p>\n","protected":false},"excerpt":{"rendered":"<p>O presidente Lula planeja realizar reuni\u00f5es bilaterais na Argentina com o presidente Alberto Fern\u00e1ndez e ao menos dois chefes de Estado de outros pa\u00edses durante a c\u00fapula da Comunidade de Estados Latino-Americanos e Caribenhos. O evento acontecer\u00e1 no dia 24 de janeiro, em Buenos Aires, na Argentina. Antes disso, no dia 23 de janeiro, o petista deve ter um encontro oficial com o presidente da Argentina, Alberto Fernandez. Diplomatas brasileiros ainda estudam o teor dos encontros com os presidentes&hellip;<\/p>\n","protected":false},"author":1,"featured_media":28087,"comment_status":"open","ping_status":"open","sticky":false,"template":"","format":"standard","meta":{"footnotes":""},"categories":[1],"tags":[],"class_list":["post-28086","post","type-post","status-publish","format-standard","has-post-thumbnail","hentry","category-noticias"],"_links":{"self":[{"href":"https:\/\/blogdorogeriogomes.com.br\/noticias\/wp-json\/wp\/v2\/posts\/28086","targetHints":{"allow":["GET"]}}],"collection":[{"href":"https:\/\/blogdorogeriogomes.com.br\/noticias\/wp-json\/wp\/v2\/posts"}],"about":[{"href":"https:\/\/blogdorogeriogomes.com.br\/noticias\/wp-json\/wp\/v2\/types\/post"}],"author":[{"embeddable":true,"href":"https:\/\/blogdorogeriogomes.com.br\/noticias\/wp-json\/wp\/v2\/users\/1"}],"replies":[{"embeddable":true,"href":"https:\/\/blogdorogeriogomes.com.br\/noticias\/wp-json\/wp\/v2\/comments?post=28086"}],"version-history":[{"count":2,"href":"https:\/\/blogdorogeriogomes.com.br\/noticias\/wp-json\/wp\/v2\/posts\/28086\/revisions"}],"predecessor-version":[{"id":28092,"href":"https:\/\/blogdorogeriogomes.com.br\/noticias\/wp-json\/wp\/v2\/posts\/28086\/revisions\/28092"}],"wp:featuredmedia":[{"embeddable":true,"href":"https:\/\/blogdorogeriogomes.com.br\/noticias\/wp-json\/wp\/v2\/media\/28087"}],"wp:attachment":[{"href":"https:\/\/blogdorogeriogomes.com.br\/noticias\/wp-json\/wp\/v2\/media?parent=28086"}],"wp:term":[{"taxonomy":"category","embeddable":true,"href":"https:\/\/blogdorogeriogomes.com.br\/noticias\/wp-json\/wp\/v2\/categories?post=28086"},{"taxonomy":"post_tag","embeddable":true,"href":"https:\/\/blogdorogeriogomes.com.br\/noticias\/wp-json\/wp\/v2\/tags?post=28086"}],"curies":[{"name":"wp","href":"https:\/\/api.w.org\/{rel}","templated":true}]}}