{"id":28095,"date":"2023-01-17T21:19:46","date_gmt":"2023-01-17T21:19:46","guid":{"rendered":"https:\/\/blogdorogeriogomes.com.br\/?p=28095"},"modified":"2023-01-18T14:35:08","modified_gmt":"2023-01-18T14:35:08","slug":"elmano-discute-acoes-prioritarias-nos-ministerios-da-saude-e-justica-em-brasilia","status":"publish","type":"post","link":"https:\/\/blogdorogeriogomes.com.br\/noticias\/2023\/01\/elmano-discute-acoes-prioritarias-nos-ministerios-da-saude-e-justica-em-brasilia\/","title":{"rendered":"Elmano discute a\u00e7\u00f5es priorit\u00e1rias nos Minist\u00e9rios da Sa\u00fade e Justi\u00e7a em Bras\u00edlia"},"content":{"rendered":"\n<p>O governador do Cear\u00e1, Elmano de Freitas, cumpre agenda na tarde desta ter\u00e7a-feira, dia 17 de janeiro, em Bras\u00edlia. Ele se encontra com o ministro de Justi\u00e7a e Seguran\u00e7a, Fl\u00e1vio Dino (PSB), e com a ministra da Sa\u00fade, N\u00edsia Furtado.&nbsp;<\/p>\n\n\n\n<p>A pauta com Fl\u00e1vio Dino \u00e9 discutir quem ser\u00e1 o superintendente da Pol\u00edcia Federal do Cear\u00e1.&nbsp;Na Sa\u00fade, o foco do encontro entre Elmano de Freitas e N\u00edsia Trindade ter\u00e1 como foco o mutir\u00e3o de cirurgias eletivas, uma das prioridades do Governo Elmano no primeiro ano de gest\u00e3o.&nbsp;<\/p>\n\n\n\n<p>No pr\u00f3ximo dia 27 de janeiro, Elmano de Freitas retorna a Bras\u00edlia para apresentar ao presidente Lula projetos priorit\u00e1rios para o Cear\u00e1. Haver\u00e1 uma nova reuni\u00e3o com todos os governadores do Pa\u00eds.<\/p>\n\n\n\n<figure class=\"wp-block-image size-full\"><img loading=\"lazy\" decoding=\"async\" width=\"739\" height=\"415\" src=\"https:\/\/blogdorogeriogomes.com.br\/wp-content\/uploads\/2023\/01\/images-11.jpeg\" alt=\"\" class=\"wp-image-28096\" srcset=\"https:\/\/blogdorogeriogomes.com.br\/noticias\/wp-content\/uploads\/2023\/01\/images-11.jpeg 739w, https:\/\/blogdorogeriogomes.com.br\/noticias\/wp-content\/uploads\/2023\/01\/images-11-300x168.jpeg 300w\" sizes=\"auto, (max-width: 739px) 100vw, 739px\" \/><\/figure>\n","protected":false},"excerpt":{"rendered":"<p>O governador do Cear\u00e1, Elmano de Freitas, cumpre agenda na tarde desta ter\u00e7a-feira, dia 17 de janeiro, em Bras\u00edlia. Ele se encontra com o ministro de Justi\u00e7a e Seguran\u00e7a, Fl\u00e1vio Dino (PSB), e com a ministra da Sa\u00fade, N\u00edsia Furtado.&nbsp; A pauta com Fl\u00e1vio Dino \u00e9 discutir quem ser\u00e1 o superintendente da Pol\u00edcia Federal do Cear\u00e1.&nbsp;Na Sa\u00fade, o foco do encontro entre Elmano de Freitas e N\u00edsia Trindade ter\u00e1 como foco o mutir\u00e3o de cirurgias eletivas, uma das prioridades&hellip;<\/p>\n","protected":false},"author":1,"featured_media":28096,"comment_status":"open","ping_status":"open","sticky":false,"template":"","format":"standard","meta":{"footnotes":""},"categories":[1],"tags":[],"class_list":["post-28095","post","type-post","status-publish","format-standard","has-post-thumbnail","hentry","category-noticias"],"_links":{"self":[{"href":"https:\/\/blogdorogeriogomes.com.br\/noticias\/wp-json\/wp\/v2\/posts\/28095","targetHints":{"allow":["GET"]}}],"collection":[{"href":"https:\/\/blogdorogeriogomes.com.br\/noticias\/wp-json\/wp\/v2\/posts"}],"about":[{"href":"https:\/\/blogdorogeriogomes.com.br\/noticias\/wp-json\/wp\/v2\/types\/post"}],"author":[{"embeddable":true,"href":"https:\/\/blogdorogeriogomes.com.br\/noticias\/wp-json\/wp\/v2\/users\/1"}],"replies":[{"embeddable":true,"href":"https:\/\/blogdorogeriogomes.com.br\/noticias\/wp-json\/wp\/v2\/comments?post=28095"}],"version-history":[{"count":2,"href":"https:\/\/blogdorogeriogomes.com.br\/noticias\/wp-json\/wp\/v2\/posts\/28095\/revisions"}],"predecessor-version":[{"id":28108,"href":"https:\/\/blogdorogeriogomes.com.br\/noticias\/wp-json\/wp\/v2\/posts\/28095\/revisions\/28108"}],"wp:featuredmedia":[{"embeddable":true,"href":"https:\/\/blogdorogeriogomes.com.br\/noticias\/wp-json\/wp\/v2\/media\/28096"}],"wp:attachment":[{"href":"https:\/\/blogdorogeriogomes.com.br\/noticias\/wp-json\/wp\/v2\/media?parent=28095"}],"wp:term":[{"taxonomy":"category","embeddable":true,"href":"https:\/\/blogdorogeriogomes.com.br\/noticias\/wp-json\/wp\/v2\/categories?post=28095"},{"taxonomy":"post_tag","embeddable":true,"href":"https:\/\/blogdorogeriogomes.com.br\/noticias\/wp-json\/wp\/v2\/tags?post=28095"}],"curies":[{"name":"wp","href":"https:\/\/api.w.org\/{rel}","templated":true}]}}