{"id":28104,"date":"2023-01-18T11:04:24","date_gmt":"2023-01-18T11:04:24","guid":{"rendered":"https:\/\/blogdorogeriogomes.com.br\/?p=28104"},"modified":"2023-01-18T14:34:09","modified_gmt":"2023-01-18T14:34:09","slug":"lula-deve-se-reunir-com-cupula-militar-do-pais-nesta-sexta-feira","status":"publish","type":"post","link":"https:\/\/blogdorogeriogomes.com.br\/noticias\/2023\/01\/lula-deve-se-reunir-com-cupula-militar-do-pais-nesta-sexta-feira\/","title":{"rendered":"Lula deve se reunir com c\u00fapula militar do Pa\u00eds nesta sexta-feira"},"content":{"rendered":"\n<p>O presidente Luiz In\u00e1cio Lula da Silva deve se reunir com o ministro da Defesa, Jos\u00e9 M\u00facio Monteiro, e os comandantes das For\u00e7as Armadas at\u00e9 a sexta-feira, dia 20 de janeiro, segundo o ministro da Casa Civil, Rui Costa. Desde o per\u00edodo da transi\u00e7\u00e3o, Lula havia dito para conversar com as For\u00e7as Armadas sobre os projetos de moderniza\u00e7\u00e3o do Ex\u00e9rcito, da Marinha e da Aeron\u00e1utica ao destacar que \u00e9 preciso que as institui\u00e7\u00f5es atuem como \u00f3rg\u00e3os de Estado e n\u00e3o de governo.<\/p>\n\n\n\n<p>O ministro Rui Costa afirmou que o encontro n\u00e3o tem liga\u00e7\u00e3o com uma desconfian\u00e7a do petista sobre a atua\u00e7\u00e3o dos militares em impedir a invas\u00e3o e depreda\u00e7\u00e3o das sedes dos Tr\u00eas Poderes, no \u00faltimo dia 8 de janeiro, em Bras\u00edlia, e a desmontagem do chamado QG do Ex\u00e9rcito, de onde partiram bolsonaristas envolvidos nos atos de vandalismo.<\/p>\n\n\n\n<figure class=\"wp-block-image size-full\"><img loading=\"lazy\" decoding=\"async\" width=\"739\" height=\"415\" src=\"https:\/\/blogdorogeriogomes.com.br\/wp-content\/uploads\/2023\/01\/images-12.jpeg\" alt=\"\" class=\"wp-image-28105\" srcset=\"https:\/\/blogdorogeriogomes.com.br\/noticias\/wp-content\/uploads\/2023\/01\/images-12.jpeg 739w, https:\/\/blogdorogeriogomes.com.br\/noticias\/wp-content\/uploads\/2023\/01\/images-12-300x168.jpeg 300w\" sizes=\"auto, (max-width: 739px) 100vw, 739px\" \/><\/figure>\n","protected":false},"excerpt":{"rendered":"<p>O presidente Luiz In\u00e1cio Lula da Silva deve se reunir com o ministro da Defesa, Jos\u00e9 M\u00facio Monteiro, e os comandantes das For\u00e7as Armadas at\u00e9 a sexta-feira, dia 20 de janeiro, segundo o ministro da Casa Civil, Rui Costa. Desde o per\u00edodo da transi\u00e7\u00e3o, Lula havia dito para conversar com as For\u00e7as Armadas sobre os projetos de moderniza\u00e7\u00e3o do Ex\u00e9rcito, da Marinha e da Aeron\u00e1utica ao destacar que \u00e9 preciso que as institui\u00e7\u00f5es atuem como \u00f3rg\u00e3os de Estado e&hellip;<\/p>\n","protected":false},"author":1,"featured_media":28105,"comment_status":"open","ping_status":"open","sticky":false,"template":"","format":"standard","meta":{"footnotes":""},"categories":[1],"tags":[],"class_list":["post-28104","post","type-post","status-publish","format-standard","has-post-thumbnail","hentry","category-noticias"],"_links":{"self":[{"href":"https:\/\/blogdorogeriogomes.com.br\/noticias\/wp-json\/wp\/v2\/posts\/28104","targetHints":{"allow":["GET"]}}],"collection":[{"href":"https:\/\/blogdorogeriogomes.com.br\/noticias\/wp-json\/wp\/v2\/posts"}],"about":[{"href":"https:\/\/blogdorogeriogomes.com.br\/noticias\/wp-json\/wp\/v2\/types\/post"}],"author":[{"embeddable":true,"href":"https:\/\/blogdorogeriogomes.com.br\/noticias\/wp-json\/wp\/v2\/users\/1"}],"replies":[{"embeddable":true,"href":"https:\/\/blogdorogeriogomes.com.br\/noticias\/wp-json\/wp\/v2\/comments?post=28104"}],"version-history":[{"count":1,"href":"https:\/\/blogdorogeriogomes.com.br\/noticias\/wp-json\/wp\/v2\/posts\/28104\/revisions"}],"predecessor-version":[{"id":28106,"href":"https:\/\/blogdorogeriogomes.com.br\/noticias\/wp-json\/wp\/v2\/posts\/28104\/revisions\/28106"}],"wp:featuredmedia":[{"embeddable":true,"href":"https:\/\/blogdorogeriogomes.com.br\/noticias\/wp-json\/wp\/v2\/media\/28105"}],"wp:attachment":[{"href":"https:\/\/blogdorogeriogomes.com.br\/noticias\/wp-json\/wp\/v2\/media?parent=28104"}],"wp:term":[{"taxonomy":"category","embeddable":true,"href":"https:\/\/blogdorogeriogomes.com.br\/noticias\/wp-json\/wp\/v2\/categories?post=28104"},{"taxonomy":"post_tag","embeddable":true,"href":"https:\/\/blogdorogeriogomes.com.br\/noticias\/wp-json\/wp\/v2\/tags?post=28104"}],"curies":[{"name":"wp","href":"https:\/\/api.w.org\/{rel}","templated":true}]}}