{"id":28109,"date":"2023-01-18T20:58:17","date_gmt":"2023-01-18T20:58:17","guid":{"rendered":"https:\/\/blogdorogeriogomes.com.br\/?p=28109"},"modified":"2023-01-20T12:51:15","modified_gmt":"2023-01-20T12:51:15","slug":"faixa-de-isencao-da-taxa-do-lixo-em-fortaleza-e-aprovada-em-comissao-na-camara-municipal","status":"publish","type":"post","link":"https:\/\/blogdorogeriogomes.com.br\/noticias\/2023\/01\/faixa-de-isencao-da-taxa-do-lixo-em-fortaleza-e-aprovada-em-comissao-na-camara-municipal\/","title":{"rendered":"Faixa de isen\u00e7\u00e3o da taxa do lixo em Fortaleza \u00e9 aprovada em comiss\u00e3o na C\u00e2mara Municipal"},"content":{"rendered":"\n<p>A bancada do prefeito Jos\u00e9 Sarto (PDT) deu um passo importante para aprovar a faixa de isen\u00e7\u00e3o da taxa de lixo em Fortaleza. Nesta quarta-feira, dia 18 de janeiro, as isen\u00e7\u00f5es da taxa do lixo em Fortaleza foram aprovadas na Comiss\u00e3o de Constitui\u00e7\u00e3o e Justi\u00e7a (CCJ) da C\u00e2mara Municipal.<\/p>\n\n\n\n<p>A pr\u00f3xima etapa \u00e9 a discuss\u00e3o sobre as emendas ao projeto, na mesma comiss\u00e3o, que podem ampliar o grupo de pessoas que estar\u00e3o isentas do pagamento. Mais de 40 emendas foram propostas ao projeto e devem ser apreciadas at\u00e9 o fim da semana.<\/p>\n\n\n\n<p>Depois, a mat\u00e9ria volta ao plen\u00e1rio para a vota\u00e7\u00e3o final. S\u00e3o necess\u00e1rios dois ter\u00e7os dos vereadores para aprova\u00e7\u00e3o.&nbsp;O texto enviado pelo Executivo no \u00faltimo dia 12 de janeiro prev\u00ea que 70% da popula\u00e7\u00e3o de Fortaleza sejam isentos do imposto.<\/p>\n\n\n\n<figure class=\"wp-block-image size-full\"><img loading=\"lazy\" decoding=\"async\" width=\"799\" height=\"449\" src=\"https:\/\/blogdorogeriogomes.com.br\/wp-content\/uploads\/2023\/01\/52635066574_6c0f93ed7e_c.jpg\" alt=\"\" class=\"wp-image-28110\" srcset=\"https:\/\/blogdorogeriogomes.com.br\/noticias\/wp-content\/uploads\/2023\/01\/52635066574_6c0f93ed7e_c.jpg 799w, https:\/\/blogdorogeriogomes.com.br\/noticias\/wp-content\/uploads\/2023\/01\/52635066574_6c0f93ed7e_c-300x169.jpg 300w, https:\/\/blogdorogeriogomes.com.br\/noticias\/wp-content\/uploads\/2023\/01\/52635066574_6c0f93ed7e_c-768x432.jpg 768w\" sizes=\"auto, (max-width: 799px) 100vw, 799px\" \/><\/figure>\n","protected":false},"excerpt":{"rendered":"<p>A bancada do prefeito Jos\u00e9 Sarto (PDT) deu um passo importante para aprovar a faixa de isen\u00e7\u00e3o da taxa de lixo em Fortaleza. Nesta quarta-feira, dia 18 de janeiro, as isen\u00e7\u00f5es da taxa do lixo em Fortaleza foram aprovadas na Comiss\u00e3o de Constitui\u00e7\u00e3o e Justi\u00e7a (CCJ) da C\u00e2mara Municipal. A pr\u00f3xima etapa \u00e9 a discuss\u00e3o sobre as emendas ao projeto, na mesma comiss\u00e3o, que podem ampliar o grupo de pessoas que estar\u00e3o isentas do pagamento. Mais de 40 emendas&hellip;<\/p>\n","protected":false},"author":1,"featured_media":28110,"comment_status":"open","ping_status":"open","sticky":false,"template":"","format":"standard","meta":{"footnotes":""},"categories":[1],"tags":[],"class_list":["post-28109","post","type-post","status-publish","format-standard","has-post-thumbnail","hentry","category-noticias"],"_links":{"self":[{"href":"https:\/\/blogdorogeriogomes.com.br\/noticias\/wp-json\/wp\/v2\/posts\/28109","targetHints":{"allow":["GET"]}}],"collection":[{"href":"https:\/\/blogdorogeriogomes.com.br\/noticias\/wp-json\/wp\/v2\/posts"}],"about":[{"href":"https:\/\/blogdorogeriogomes.com.br\/noticias\/wp-json\/wp\/v2\/types\/post"}],"author":[{"embeddable":true,"href":"https:\/\/blogdorogeriogomes.com.br\/noticias\/wp-json\/wp\/v2\/users\/1"}],"replies":[{"embeddable":true,"href":"https:\/\/blogdorogeriogomes.com.br\/noticias\/wp-json\/wp\/v2\/comments?post=28109"}],"version-history":[{"count":2,"href":"https:\/\/blogdorogeriogomes.com.br\/noticias\/wp-json\/wp\/v2\/posts\/28109\/revisions"}],"predecessor-version":[{"id":28139,"href":"https:\/\/blogdorogeriogomes.com.br\/noticias\/wp-json\/wp\/v2\/posts\/28109\/revisions\/28139"}],"wp:featuredmedia":[{"embeddable":true,"href":"https:\/\/blogdorogeriogomes.com.br\/noticias\/wp-json\/wp\/v2\/media\/28110"}],"wp:attachment":[{"href":"https:\/\/blogdorogeriogomes.com.br\/noticias\/wp-json\/wp\/v2\/media?parent=28109"}],"wp:term":[{"taxonomy":"category","embeddable":true,"href":"https:\/\/blogdorogeriogomes.com.br\/noticias\/wp-json\/wp\/v2\/categories?post=28109"},{"taxonomy":"post_tag","embeddable":true,"href":"https:\/\/blogdorogeriogomes.com.br\/noticias\/wp-json\/wp\/v2\/tags?post=28109"}],"curies":[{"name":"wp","href":"https:\/\/api.w.org\/{rel}","templated":true}]}}