{"id":28112,"date":"2023-01-18T21:12:07","date_gmt":"2023-01-18T21:12:07","guid":{"rendered":"https:\/\/blogdorogeriogomes.com.br\/?p=28112"},"modified":"2023-01-20T12:51:07","modified_gmt":"2023-01-20T12:51:07","slug":"em-caucaia-prefeito-vitor-valim-anuncia-aumento-149-para-professores","status":"publish","type":"post","link":"https:\/\/blogdorogeriogomes.com.br\/noticias\/2023\/01\/em-caucaia-prefeito-vitor-valim-anuncia-aumento-149-para-professores\/","title":{"rendered":"Em Caucaia, prefeito Vitor Valim anuncia aumento 14,9% para professores"},"content":{"rendered":"\n<p>A Prefeitura de Caucaia anunciou um reajuste maior para os professores. Depois de reformar em mais de 140 escolas e distribuir mais de 45 mil tablets, o prefeito de Caucaia, Vitor Valim, anunciou nesta quarta-feira, dia 14 de janeiro, que enviou \u00e0 C\u00e2mara Municipal, em regime de urg\u00eancia, um projeto de lei que prop\u00f5e um reajuste de 14,95% para os professores do munic\u00edpio. Com isso, o valor total da remunera\u00e7\u00e3o dos docentes no munic\u00edpio se manter\u00e1 acima do piso nacional.<\/p>\n\n\n\n<p>\u201cEduca\u00e7\u00e3o \u00e9 nossa prioridade. Confirmando esse compromisso, encaminhei hoje para a C\u00e2mara Municipal, em regime de urg\u00eancia, um projeto de lei que prop\u00f5e um aumento de 14,95% para toda a tabela de vencimentos dos professores do nosso munic\u00edpio. Dessa forma, continuamos com o nosso padr\u00e3o de sempre pagar valores acima do piso nacional\u201d, declarou Vitor Valim atrav\u00e9s das redes sociais.<\/p>\n\n\n\n<p>Com o an\u00fancio, Caucaia \u00e9 o primeiro munic\u00edpio do Brasil a propor uma remunera\u00e7\u00e3o maior do que a remunera\u00e7\u00e3o base para a categoria. Com a aprova\u00e7\u00e3o do projeto de lei pela C\u00e2mara, o munic\u00edpio pode ser o primeiro do Cear\u00e1 a exceder o piso nacional para os professores.<\/p>\n\n\n\n<figure class=\"wp-block-image size-large\"><img loading=\"lazy\" decoding=\"async\" width=\"1024\" height=\"836\" src=\"https:\/\/blogdorogeriogomes.com.br\/wp-content\/uploads\/2023\/01\/IMG-20230118-WA0154-1024x836.jpg\" alt=\"\" class=\"wp-image-28113\" srcset=\"https:\/\/blogdorogeriogomes.com.br\/noticias\/wp-content\/uploads\/2023\/01\/IMG-20230118-WA0154-1024x836.jpg 1024w, https:\/\/blogdorogeriogomes.com.br\/noticias\/wp-content\/uploads\/2023\/01\/IMG-20230118-WA0154-300x245.jpg 300w, https:\/\/blogdorogeriogomes.com.br\/noticias\/wp-content\/uploads\/2023\/01\/IMG-20230118-WA0154-768x627.jpg 768w, https:\/\/blogdorogeriogomes.com.br\/noticias\/wp-content\/uploads\/2023\/01\/IMG-20230118-WA0154-1536x1254.jpg 1536w, https:\/\/blogdorogeriogomes.com.br\/noticias\/wp-content\/uploads\/2023\/01\/IMG-20230118-WA0154-800x653.jpg 800w, https:\/\/blogdorogeriogomes.com.br\/noticias\/wp-content\/uploads\/2023\/01\/IMG-20230118-WA0154.jpg 1600w\" sizes=\"auto, (max-width: 1024px) 100vw, 1024px\" \/><\/figure>\n","protected":false},"excerpt":{"rendered":"<p>A Prefeitura de Caucaia anunciou um reajuste maior para os professores. Depois de reformar em mais de 140 escolas e distribuir mais de 45 mil tablets, o prefeito de Caucaia, Vitor Valim, anunciou nesta quarta-feira, dia 14 de janeiro, que enviou \u00e0 C\u00e2mara Municipal, em regime de urg\u00eancia, um projeto de lei que prop\u00f5e um reajuste de 14,95% para os professores do munic\u00edpio. Com isso, o valor total da remunera\u00e7\u00e3o dos docentes no munic\u00edpio se manter\u00e1 acima do piso&hellip;<\/p>\n","protected":false},"author":1,"featured_media":28113,"comment_status":"open","ping_status":"open","sticky":false,"template":"","format":"standard","meta":{"footnotes":""},"categories":[1],"tags":[],"class_list":["post-28112","post","type-post","status-publish","format-standard","has-post-thumbnail","hentry","category-noticias"],"_links":{"self":[{"href":"https:\/\/blogdorogeriogomes.com.br\/noticias\/wp-json\/wp\/v2\/posts\/28112","targetHints":{"allow":["GET"]}}],"collection":[{"href":"https:\/\/blogdorogeriogomes.com.br\/noticias\/wp-json\/wp\/v2\/posts"}],"about":[{"href":"https:\/\/blogdorogeriogomes.com.br\/noticias\/wp-json\/wp\/v2\/types\/post"}],"author":[{"embeddable":true,"href":"https:\/\/blogdorogeriogomes.com.br\/noticias\/wp-json\/wp\/v2\/users\/1"}],"replies":[{"embeddable":true,"href":"https:\/\/blogdorogeriogomes.com.br\/noticias\/wp-json\/wp\/v2\/comments?post=28112"}],"version-history":[{"count":1,"href":"https:\/\/blogdorogeriogomes.com.br\/noticias\/wp-json\/wp\/v2\/posts\/28112\/revisions"}],"predecessor-version":[{"id":28114,"href":"https:\/\/blogdorogeriogomes.com.br\/noticias\/wp-json\/wp\/v2\/posts\/28112\/revisions\/28114"}],"wp:featuredmedia":[{"embeddable":true,"href":"https:\/\/blogdorogeriogomes.com.br\/noticias\/wp-json\/wp\/v2\/media\/28113"}],"wp:attachment":[{"href":"https:\/\/blogdorogeriogomes.com.br\/noticias\/wp-json\/wp\/v2\/media?parent=28112"}],"wp:term":[{"taxonomy":"category","embeddable":true,"href":"https:\/\/blogdorogeriogomes.com.br\/noticias\/wp-json\/wp\/v2\/categories?post=28112"},{"taxonomy":"post_tag","embeddable":true,"href":"https:\/\/blogdorogeriogomes.com.br\/noticias\/wp-json\/wp\/v2\/tags?post=28112"}],"curies":[{"name":"wp","href":"https:\/\/api.w.org\/{rel}","templated":true}]}}