{"id":28115,"date":"2023-01-19T00:01:30","date_gmt":"2023-01-19T00:01:30","guid":{"rendered":"https:\/\/blogdorogeriogomes.com.br\/?p=28115"},"modified":"2023-01-20T12:50:59","modified_gmt":"2023-01-20T12:50:59","slug":"prefeitura-de-fortaleza-anuncia-atracoes-do-pre-carnaval-a-partir-desta-sexta-feira","status":"publish","type":"post","link":"https:\/\/blogdorogeriogomes.com.br\/noticias\/2023\/01\/prefeitura-de-fortaleza-anuncia-atracoes-do-pre-carnaval-a-partir-desta-sexta-feira\/","title":{"rendered":"Prefeitura de Fortaleza anuncia atra\u00e7\u00f5es do Pr\u00e9-Carnaval a partir desta sexta-feira"},"content":{"rendered":"\n<p>A Prefeitura de Fortaleza anunciou a programa\u00e7\u00e3o do Pr\u00e9-Carnaval 2023 que come\u00e7a a partir desta sexta-feira, dia 20 de janeiro. Ser\u00e3o nove p\u00f3los de folia n\u00f3s quatro fins de semana que antecedem o per\u00edodo de Carnaval.<\/p>\n\n\n\n<p>Confira a programa\u00e7\u00e3o do primeiro fim de semana de shows gratuitos:<\/p>\n\n\n\n<p><strong>Pra\u00e7a do Ferreira<\/strong><br>Data: 20\/01 (sexta-feira)<br>Abertura: B\u00e1rbara Sena com repert\u00f3rio em homenagem a Tarc\u00edsio Sardinha<br>18h &#8211; Luxo da Aldeia<br>20h &#8211; Araketu<\/p>\n\n\n\n<p>Data: 21\/01 (s\u00e1bado)<br>18h &#8211; Iracema Bode Beat<br>20h &#8211; Concentra mas n\u00e3o sai<\/p>\n\n\n\n<p><strong>Mercado dos Pinh\u00f5es (Pra\u00e7a Visconde de Pelotas)&nbsp;<\/strong><br>Data: 21\/01 (s\u00e1bado)<br>17h &#8211; Mel Mattos<br>18h30 &#8211; DJ Priscila Delgado<br>20h &#8211; SuperBanda<\/p>\n\n\n\n<p><strong>Mocinha (Rua Padre Clim\u00e9rio com Rua Jo\u00e3o Cordeiro)<\/strong><br>Data: 21\/01 (s\u00e1bado)<br>18h \u00e0s 22h &#8211; Bloco Num Ispaia Sin\u00e3o Ienche<\/p>\n\n\n\n<p><strong>Aterro\/Aterrinho Praia de Iracema (cortejo saindo do antigo Boteco Praia at\u00e9 o Aterrinho)<\/strong><br>Data: 21\/01 (s\u00e1bado)<br>16h &#8211; desfile dos blocos<br>Unidos da Cachorra<br>Bonde Batuque<br>Camale\u00f5es do Vila<br>Baqueta<br>Transacionais<br>Show Benito di Paula<\/p>\n\n\n\n<p><strong>Benfica (Pra\u00e7a Jo\u00e3o Gentil)<\/strong><br>Data: 21\/01 (s\u00e1bado)<br>18h &#8211; Duas doses de m\u00fasica<\/p>\n\n\n\n<p>Data: 22\/01 (domingo)<br>10h &#8211; Samba do Mar<br>11h &#8211; DJ Ada Por\u00e3<br>12h &#8211; Piracema<br>13h30 &#8211; DJ Ada Por\u00e3<br>14h30 &#8211; Cris Malagueta<\/p>\n\n\n\n<p><strong>Barra do Cear\u00e1 (Marco Zero)<\/strong><br>Data: 21\/01 (s\u00e1bado)<br>16h &#8211; Al\u00ea Eloi<br>18h &#8211; \u00c1tila Lopes &amp; Severina Brown<\/p>\n\n\n\n<p><strong>Polo dos Queijos (Raimundo dos Queijos)<\/strong><br>Data: 22\/01 (domingo)<br>10h &#8211; Micaela<br>12h &#8211; Grupo DTF<br>14h &#8211; Theresa Rachel<\/p>\n\n\n\n<p><strong>Parque Rachel de Queiroz&nbsp;<\/strong><br>Data: 21\/01 (s\u00e1bado)<br>19h &#8211; Carol Damasceno<\/p>\n\n\n\n<p>Data: 22\/01 (domingo)<br>17h &#8211; Pacote de Biscoito<\/p>\n\n\n\n<p><strong>Passeio P\u00fablico&nbsp;<\/strong><br>Data: 22\/01 (domingo)<br>9h \u00e0s 12h &#8211; Tia Samila e sua turma<\/p>\n\n\n\n<figure class=\"wp-block-image size-large\"><img loading=\"lazy\" decoding=\"async\" width=\"1024\" height=\"602\" src=\"https:\/\/blogdorogeriogomes.com.br\/wp-content\/uploads\/2023\/01\/18-01-2023-Carnaval-2023-1024x602.jpg\" alt=\"\" class=\"wp-image-28116\" srcset=\"https:\/\/blogdorogeriogomes.com.br\/noticias\/wp-content\/uploads\/2023\/01\/18-01-2023-Carnaval-2023-1024x602.jpg 1024w, https:\/\/blogdorogeriogomes.com.br\/noticias\/wp-content\/uploads\/2023\/01\/18-01-2023-Carnaval-2023-300x176.jpg 300w, https:\/\/blogdorogeriogomes.com.br\/noticias\/wp-content\/uploads\/2023\/01\/18-01-2023-Carnaval-2023-768x451.jpg 768w, https:\/\/blogdorogeriogomes.com.br\/noticias\/wp-content\/uploads\/2023\/01\/18-01-2023-Carnaval-2023-800x470.jpg 800w, https:\/\/blogdorogeriogomes.com.br\/noticias\/wp-content\/uploads\/2023\/01\/18-01-2023-Carnaval-2023.jpg 1280w\" sizes=\"auto, (max-width: 1024px) 100vw, 1024px\" \/><\/figure>\n","protected":false},"excerpt":{"rendered":"<p>A Prefeitura de Fortaleza anunciou a programa\u00e7\u00e3o do Pr\u00e9-Carnaval 2023 que come\u00e7a a partir desta sexta-feira, dia 20 de janeiro. Ser\u00e3o nove p\u00f3los de folia n\u00f3s quatro fins de semana que antecedem o per\u00edodo de Carnaval. Confira a programa\u00e7\u00e3o do primeiro fim de semana de shows gratuitos: Pra\u00e7a do FerreiraData: 20\/01 (sexta-feira)Abertura: B\u00e1rbara Sena com repert\u00f3rio em homenagem a Tarc\u00edsio Sardinha18h &#8211; Luxo da Aldeia20h &#8211; Araketu Data: 21\/01 (s\u00e1bado)18h &#8211; Iracema Bode Beat20h &#8211; Concentra mas n\u00e3o sai&hellip;<\/p>\n","protected":false},"author":1,"featured_media":28116,"comment_status":"open","ping_status":"open","sticky":false,"template":"","format":"standard","meta":{"footnotes":""},"categories":[1],"tags":[],"class_list":["post-28115","post","type-post","status-publish","format-standard","has-post-thumbnail","hentry","category-noticias"],"_links":{"self":[{"href":"https:\/\/blogdorogeriogomes.com.br\/noticias\/wp-json\/wp\/v2\/posts\/28115","targetHints":{"allow":["GET"]}}],"collection":[{"href":"https:\/\/blogdorogeriogomes.com.br\/noticias\/wp-json\/wp\/v2\/posts"}],"about":[{"href":"https:\/\/blogdorogeriogomes.com.br\/noticias\/wp-json\/wp\/v2\/types\/post"}],"author":[{"embeddable":true,"href":"https:\/\/blogdorogeriogomes.com.br\/noticias\/wp-json\/wp\/v2\/users\/1"}],"replies":[{"embeddable":true,"href":"https:\/\/blogdorogeriogomes.com.br\/noticias\/wp-json\/wp\/v2\/comments?post=28115"}],"version-history":[{"count":2,"href":"https:\/\/blogdorogeriogomes.com.br\/noticias\/wp-json\/wp\/v2\/posts\/28115\/revisions"}],"predecessor-version":[{"id":28138,"href":"https:\/\/blogdorogeriogomes.com.br\/noticias\/wp-json\/wp\/v2\/posts\/28115\/revisions\/28138"}],"wp:featuredmedia":[{"embeddable":true,"href":"https:\/\/blogdorogeriogomes.com.br\/noticias\/wp-json\/wp\/v2\/media\/28116"}],"wp:attachment":[{"href":"https:\/\/blogdorogeriogomes.com.br\/noticias\/wp-json\/wp\/v2\/media?parent=28115"}],"wp:term":[{"taxonomy":"category","embeddable":true,"href":"https:\/\/blogdorogeriogomes.com.br\/noticias\/wp-json\/wp\/v2\/categories?post=28115"},{"taxonomy":"post_tag","embeddable":true,"href":"https:\/\/blogdorogeriogomes.com.br\/noticias\/wp-json\/wp\/v2\/tags?post=28115"}],"curies":[{"name":"wp","href":"https:\/\/api.w.org\/{rel}","templated":true}]}}