{"id":28118,"date":"2023-01-19T10:55:38","date_gmt":"2023-01-19T10:55:38","guid":{"rendered":"https:\/\/blogdorogeriogomes.com.br\/?p=28118"},"modified":"2023-01-20T12:50:47","modified_gmt":"2023-01-20T12:50:47","slug":"ceara-amanhece-com-fortes-chuvas-relampagos-e-rajadas-de-vento","status":"publish","type":"post","link":"https:\/\/blogdorogeriogomes.com.br\/noticias\/2023\/01\/ceara-amanhece-com-fortes-chuvas-relampagos-e-rajadas-de-vento\/","title":{"rendered":"Cear\u00e1 amanhece com fortes chuvas, rel\u00e2mpagos e rajadas de vento"},"content":{"rendered":"\n<p>A madrugada desta quinta-feira , dia 19 de janeiro, foi marcada por fortes chuvas em v\u00e1rias regi\u00f5es do Cear\u00e1 com registros de rel\u00e2mpagos e rajadas de vento. As regi\u00f5es Centro-Sul, Sert\u00e3o dos Inhamuns e Vale do Jaguaribe tiveram precipita\u00e7\u00f5es intensas. O munic\u00edpio de Juc\u00e1s teve a maior chuva das \u00faltimas 24 horas com 82 mil\u00edmetros.<\/p>\n\n\n\n<p>De acordo com a Funceme, mais de 50 cidades cearenses registraram precipita\u00e7\u00f5es de ontem para hoje. Em Fortaleza, amanheceu chovendo nesta quinta-feira. A previs\u00e3o \u00e9 que o tempo continue inst\u00e1vel.<\/p>\n\n\n\n<p>A Funceme deve divulgar nesta sexta-feira, dia 20, o progn\u00f3stico das chuvas para os pr\u00f3ximos meses. A quadra chuvosa come\u00e7a oficialmente no Cear\u00e1 a partir de fevereiro.<\/p>\n\n\n\n<figure class=\"wp-block-image size-large\"><img loading=\"lazy\" decoding=\"async\" width=\"1024\" height=\"768\" src=\"https:\/\/blogdorogeriogomes.com.br\/wp-content\/uploads\/2023\/01\/IMG_20230119_074217052_HDR-1024x768.jpg\" alt=\"\" class=\"wp-image-28119\" srcset=\"https:\/\/blogdorogeriogomes.com.br\/noticias\/wp-content\/uploads\/2023\/01\/IMG_20230119_074217052_HDR-1024x768.jpg 1024w, https:\/\/blogdorogeriogomes.com.br\/noticias\/wp-content\/uploads\/2023\/01\/IMG_20230119_074217052_HDR-300x225.jpg 300w, https:\/\/blogdorogeriogomes.com.br\/noticias\/wp-content\/uploads\/2023\/01\/IMG_20230119_074217052_HDR-768x576.jpg 768w, https:\/\/blogdorogeriogomes.com.br\/noticias\/wp-content\/uploads\/2023\/01\/IMG_20230119_074217052_HDR-1536x1152.jpg 1536w, https:\/\/blogdorogeriogomes.com.br\/noticias\/wp-content\/uploads\/2023\/01\/IMG_20230119_074217052_HDR-2048x1536.jpg 2048w, https:\/\/blogdorogeriogomes.com.br\/noticias\/wp-content\/uploads\/2023\/01\/IMG_20230119_074217052_HDR-800x600.jpg 800w, https:\/\/blogdorogeriogomes.com.br\/noticias\/wp-content\/uploads\/2023\/01\/IMG_20230119_074217052_HDR-400x300.jpg 400w\" sizes=\"auto, (max-width: 1024px) 100vw, 1024px\" \/><\/figure>\n\n\n\n<p><\/p>\n","protected":false},"excerpt":{"rendered":"<p>A madrugada desta quinta-feira , dia 19 de janeiro, foi marcada por fortes chuvas em v\u00e1rias regi\u00f5es do Cear\u00e1 com registros de rel\u00e2mpagos e rajadas de vento. As regi\u00f5es Centro-Sul, Sert\u00e3o dos Inhamuns e Vale do Jaguaribe tiveram precipita\u00e7\u00f5es intensas. O munic\u00edpio de Juc\u00e1s teve a maior chuva das \u00faltimas 24 horas com 82 mil\u00edmetros. De acordo com a Funceme, mais de 50 cidades cearenses registraram precipita\u00e7\u00f5es de ontem para hoje. Em Fortaleza, amanheceu chovendo nesta quinta-feira. A previs\u00e3o&hellip;<\/p>\n","protected":false},"author":1,"featured_media":28119,"comment_status":"open","ping_status":"open","sticky":false,"template":"","format":"standard","meta":{"footnotes":""},"categories":[1],"tags":[],"class_list":["post-28118","post","type-post","status-publish","format-standard","has-post-thumbnail","hentry","category-noticias"],"_links":{"self":[{"href":"https:\/\/blogdorogeriogomes.com.br\/noticias\/wp-json\/wp\/v2\/posts\/28118","targetHints":{"allow":["GET"]}}],"collection":[{"href":"https:\/\/blogdorogeriogomes.com.br\/noticias\/wp-json\/wp\/v2\/posts"}],"about":[{"href":"https:\/\/blogdorogeriogomes.com.br\/noticias\/wp-json\/wp\/v2\/types\/post"}],"author":[{"embeddable":true,"href":"https:\/\/blogdorogeriogomes.com.br\/noticias\/wp-json\/wp\/v2\/users\/1"}],"replies":[{"embeddable":true,"href":"https:\/\/blogdorogeriogomes.com.br\/noticias\/wp-json\/wp\/v2\/comments?post=28118"}],"version-history":[{"count":1,"href":"https:\/\/blogdorogeriogomes.com.br\/noticias\/wp-json\/wp\/v2\/posts\/28118\/revisions"}],"predecessor-version":[{"id":28120,"href":"https:\/\/blogdorogeriogomes.com.br\/noticias\/wp-json\/wp\/v2\/posts\/28118\/revisions\/28120"}],"wp:featuredmedia":[{"embeddable":true,"href":"https:\/\/blogdorogeriogomes.com.br\/noticias\/wp-json\/wp\/v2\/media\/28119"}],"wp:attachment":[{"href":"https:\/\/blogdorogeriogomes.com.br\/noticias\/wp-json\/wp\/v2\/media?parent=28118"}],"wp:term":[{"taxonomy":"category","embeddable":true,"href":"https:\/\/blogdorogeriogomes.com.br\/noticias\/wp-json\/wp\/v2\/categories?post=28118"},{"taxonomy":"post_tag","embeddable":true,"href":"https:\/\/blogdorogeriogomes.com.br\/noticias\/wp-json\/wp\/v2\/tags?post=28118"}],"curies":[{"name":"wp","href":"https:\/\/api.w.org\/{rel}","templated":true}]}}