{"id":28121,"date":"2023-01-19T11:19:59","date_gmt":"2023-01-19T11:19:59","guid":{"rendered":"https:\/\/blogdorogeriogomes.com.br\/?p=28121"},"modified":"2023-01-20T12:50:40","modified_gmt":"2023-01-20T12:50:40","slug":"professores-no-interior-do-ceara-podem-ficar-sem-o-reajuste-do-piso-nacional","status":"publish","type":"post","link":"https:\/\/blogdorogeriogomes.com.br\/noticias\/2023\/01\/professores-no-interior-do-ceara-podem-ficar-sem-o-reajuste-do-piso-nacional\/","title":{"rendered":"Professores no interior do Cear\u00e1 podem ficar sem o reajuste do piso nacional"},"content":{"rendered":"\n<p>A orienta\u00e7\u00e3o da Confedera\u00e7\u00e3o Nacional dos Munic\u00edpios (CNM) de que prefeituras de cidades sem condi\u00e7\u00e3o or\u00e7ament\u00e1ria n\u00e3o paguem o reajuste do piso nacional dos professores, anunciado pelo Minist\u00e9rio da Educa\u00e7\u00e3o, gerou expectativa entre os docentes. A decis\u00e3o de prefeitos pode afetar at\u00e9 112 mil professores no Cear\u00e1.<\/p>\n\n\n\n<p>No Cear\u00e1 , v\u00e1rios gestores municipais j\u00e1 se manifestaram que as prefeituras das suas cidades n\u00e3o t\u00eam condi\u00e7\u00f5es financeiras para arcar com os custos do reajuste. Na maioria dos casos, a prefeitura apresenta problemas na sua situa\u00e7\u00e3o fiscal.<\/p>\n\n\n\n<p>O an\u00fancio do percentual de 14,95% pelo Minist\u00e9rio da Educa\u00e7\u00e3o retomou pol\u00eamica sobre legalidade do aumento de sal\u00e1rio. No Cear\u00e1, munic\u00edpios como Maranguape e Caucaia j\u00e1 anunciaram que v\u00e3o pagar o reajuste do piso nacional do Magist\u00e9rio.<\/p>\n\n\n\n<figure class=\"wp-block-image size-full\"><img loading=\"lazy\" decoding=\"async\" width=\"683\" height=\"449\" src=\"https:\/\/blogdorogeriogomes.com.br\/wp-content\/uploads\/2023\/01\/images-13.jpeg\" alt=\"\" class=\"wp-image-28122\" srcset=\"https:\/\/blogdorogeriogomes.com.br\/noticias\/wp-content\/uploads\/2023\/01\/images-13.jpeg 683w, https:\/\/blogdorogeriogomes.com.br\/noticias\/wp-content\/uploads\/2023\/01\/images-13-300x197.jpeg 300w\" sizes=\"auto, (max-width: 683px) 100vw, 683px\" \/><\/figure>\n","protected":false},"excerpt":{"rendered":"<p>A orienta\u00e7\u00e3o da Confedera\u00e7\u00e3o Nacional dos Munic\u00edpios (CNM) de que prefeituras de cidades sem condi\u00e7\u00e3o or\u00e7ament\u00e1ria n\u00e3o paguem o reajuste do piso nacional dos professores, anunciado pelo Minist\u00e9rio da Educa\u00e7\u00e3o, gerou expectativa entre os docentes. A decis\u00e3o de prefeitos pode afetar at\u00e9 112 mil professores no Cear\u00e1. No Cear\u00e1 , v\u00e1rios gestores municipais j\u00e1 se manifestaram que as prefeituras das suas cidades n\u00e3o t\u00eam condi\u00e7\u00f5es financeiras para arcar com os custos do reajuste. Na maioria dos casos, a prefeitura&hellip;<\/p>\n","protected":false},"author":1,"featured_media":28122,"comment_status":"open","ping_status":"open","sticky":false,"template":"","format":"standard","meta":{"footnotes":""},"categories":[1],"tags":[],"class_list":["post-28121","post","type-post","status-publish","format-standard","has-post-thumbnail","hentry","category-noticias"],"_links":{"self":[{"href":"https:\/\/blogdorogeriogomes.com.br\/noticias\/wp-json\/wp\/v2\/posts\/28121","targetHints":{"allow":["GET"]}}],"collection":[{"href":"https:\/\/blogdorogeriogomes.com.br\/noticias\/wp-json\/wp\/v2\/posts"}],"about":[{"href":"https:\/\/blogdorogeriogomes.com.br\/noticias\/wp-json\/wp\/v2\/types\/post"}],"author":[{"embeddable":true,"href":"https:\/\/blogdorogeriogomes.com.br\/noticias\/wp-json\/wp\/v2\/users\/1"}],"replies":[{"embeddable":true,"href":"https:\/\/blogdorogeriogomes.com.br\/noticias\/wp-json\/wp\/v2\/comments?post=28121"}],"version-history":[{"count":1,"href":"https:\/\/blogdorogeriogomes.com.br\/noticias\/wp-json\/wp\/v2\/posts\/28121\/revisions"}],"predecessor-version":[{"id":28123,"href":"https:\/\/blogdorogeriogomes.com.br\/noticias\/wp-json\/wp\/v2\/posts\/28121\/revisions\/28123"}],"wp:featuredmedia":[{"embeddable":true,"href":"https:\/\/blogdorogeriogomes.com.br\/noticias\/wp-json\/wp\/v2\/media\/28122"}],"wp:attachment":[{"href":"https:\/\/blogdorogeriogomes.com.br\/noticias\/wp-json\/wp\/v2\/media?parent=28121"}],"wp:term":[{"taxonomy":"category","embeddable":true,"href":"https:\/\/blogdorogeriogomes.com.br\/noticias\/wp-json\/wp\/v2\/categories?post=28121"},{"taxonomy":"post_tag","embeddable":true,"href":"https:\/\/blogdorogeriogomes.com.br\/noticias\/wp-json\/wp\/v2\/tags?post=28121"}],"curies":[{"name":"wp","href":"https:\/\/api.w.org\/{rel}","templated":true}]}}