{"id":28127,"date":"2023-01-20T09:12:39","date_gmt":"2023-01-20T09:12:39","guid":{"rendered":"https:\/\/blogdorogeriogomes.com.br\/?p=28127"},"modified":"2023-01-20T12:50:24","modified_gmt":"2023-01-20T12:50:24","slug":"prefeitura-de-fortaleza-anuncia-plano-integrado-com-as-acoes-para-a-quadra-chuvosa-2023","status":"publish","type":"post","link":"https:\/\/blogdorogeriogomes.com.br\/noticias\/2023\/01\/prefeitura-de-fortaleza-anuncia-plano-integrado-com-as-acoes-para-a-quadra-chuvosa-2023\/","title":{"rendered":"Prefeitura de Fortaleza anuncia Plano Integrado com as A\u00e7\u00f5es para a Quadra Chuvosa 2023"},"content":{"rendered":"\n<p>A Prefeitura de Fortaleza divulgou, nesta quinta-feira, dia 19 de janeiro, o Plano Integrado com as A\u00e7\u00f5es para a Quadra Chuvosa 2023. A partir da integra\u00e7\u00e3o de diferentes \u00f3rg\u00e3os da esfera municipal e estadual, as medidas anunciadas contemplam estrat\u00e9gias preventivas, como o refor\u00e7o na limpeza de recursos h\u00eddricos e servi\u00e7os de drenagem, o plano de conting\u00eancia, que abrange o monitoramento de \u00e1reas de risco e pontos de alagamento da Capital, como tamb\u00e9m a\u00e7\u00f5es assistenciais.<\/p>\n\n\n\n<p>Durante o an\u00fancio, o prefeito Jos\u00e9 Sarto relatou que a Prefeitura de Fortaleza j\u00e1 realizou, durante os dois primeiros anos da gest\u00e3o, a\u00e7\u00f5es preventivas com o objetivo de minimizar o impacto das chuvas na infraestrutura urbana, al\u00e9m de priorizar obras de drenagem, pavimenta\u00e7\u00e3o e saneamento em comunidades mais vulner\u00e1veis.<\/p>\n\n\n\n<p>S\u00f3 no ano passado, por meio de uma parceria entre Secretaria de Gest\u00e3o Regional (Seger), Defesa Civil de Fortaleza e Autarquia de Urbanismo e Paisagismo de Fortaleza (Urbfor), 140 canais e lagoas foram limpos de maneira manual e mec\u00e2nica e cerca de 9 mil bocas de lobo desobstru\u00eddas, resultando em um total de 86,5 toneladas de material retirado da rede de drenagem urbana e dos recursos h\u00eddricos. Esse montante equivale a 7.216 caminh\u00f5es basculantes.<\/p>\n\n\n\n<figure class=\"wp-block-image size-large\"><img loading=\"lazy\" decoding=\"async\" width=\"1024\" height=\"602\" src=\"https:\/\/blogdorogeriogomes.com.br\/wp-content\/uploads\/2023\/01\/19-01-2023-Coletiva-_81P1889-1024x602.jpg\" alt=\"\" class=\"wp-image-28128\" srcset=\"https:\/\/blogdorogeriogomes.com.br\/noticias\/wp-content\/uploads\/2023\/01\/19-01-2023-Coletiva-_81P1889-1024x602.jpg 1024w, https:\/\/blogdorogeriogomes.com.br\/noticias\/wp-content\/uploads\/2023\/01\/19-01-2023-Coletiva-_81P1889-300x176.jpg 300w, https:\/\/blogdorogeriogomes.com.br\/noticias\/wp-content\/uploads\/2023\/01\/19-01-2023-Coletiva-_81P1889-768x451.jpg 768w, https:\/\/blogdorogeriogomes.com.br\/noticias\/wp-content\/uploads\/2023\/01\/19-01-2023-Coletiva-_81P1889-800x470.jpg 800w, https:\/\/blogdorogeriogomes.com.br\/noticias\/wp-content\/uploads\/2023\/01\/19-01-2023-Coletiva-_81P1889.jpg 1280w\" sizes=\"auto, (max-width: 1024px) 100vw, 1024px\" \/><\/figure>\n","protected":false},"excerpt":{"rendered":"<p>A Prefeitura de Fortaleza divulgou, nesta quinta-feira, dia 19 de janeiro, o Plano Integrado com as A\u00e7\u00f5es para a Quadra Chuvosa 2023. A partir da integra\u00e7\u00e3o de diferentes \u00f3rg\u00e3os da esfera municipal e estadual, as medidas anunciadas contemplam estrat\u00e9gias preventivas, como o refor\u00e7o na limpeza de recursos h\u00eddricos e servi\u00e7os de drenagem, o plano de conting\u00eancia, que abrange o monitoramento de \u00e1reas de risco e pontos de alagamento da Capital, como tamb\u00e9m a\u00e7\u00f5es assistenciais. Durante o an\u00fancio, o prefeito&hellip;<\/p>\n","protected":false},"author":1,"featured_media":28128,"comment_status":"open","ping_status":"open","sticky":false,"template":"","format":"standard","meta":{"footnotes":""},"categories":[1],"tags":[],"class_list":["post-28127","post","type-post","status-publish","format-standard","has-post-thumbnail","hentry","category-noticias"],"_links":{"self":[{"href":"https:\/\/blogdorogeriogomes.com.br\/noticias\/wp-json\/wp\/v2\/posts\/28127","targetHints":{"allow":["GET"]}}],"collection":[{"href":"https:\/\/blogdorogeriogomes.com.br\/noticias\/wp-json\/wp\/v2\/posts"}],"about":[{"href":"https:\/\/blogdorogeriogomes.com.br\/noticias\/wp-json\/wp\/v2\/types\/post"}],"author":[{"embeddable":true,"href":"https:\/\/blogdorogeriogomes.com.br\/noticias\/wp-json\/wp\/v2\/users\/1"}],"replies":[{"embeddable":true,"href":"https:\/\/blogdorogeriogomes.com.br\/noticias\/wp-json\/wp\/v2\/comments?post=28127"}],"version-history":[{"count":1,"href":"https:\/\/blogdorogeriogomes.com.br\/noticias\/wp-json\/wp\/v2\/posts\/28127\/revisions"}],"predecessor-version":[{"id":28129,"href":"https:\/\/blogdorogeriogomes.com.br\/noticias\/wp-json\/wp\/v2\/posts\/28127\/revisions\/28129"}],"wp:featuredmedia":[{"embeddable":true,"href":"https:\/\/blogdorogeriogomes.com.br\/noticias\/wp-json\/wp\/v2\/media\/28128"}],"wp:attachment":[{"href":"https:\/\/blogdorogeriogomes.com.br\/noticias\/wp-json\/wp\/v2\/media?parent=28127"}],"wp:term":[{"taxonomy":"category","embeddable":true,"href":"https:\/\/blogdorogeriogomes.com.br\/noticias\/wp-json\/wp\/v2\/categories?post=28127"},{"taxonomy":"post_tag","embeddable":true,"href":"https:\/\/blogdorogeriogomes.com.br\/noticias\/wp-json\/wp\/v2\/tags?post=28127"}],"curies":[{"name":"wp","href":"https:\/\/api.w.org\/{rel}","templated":true}]}}