{"id":28130,"date":"2023-01-20T09:30:44","date_gmt":"2023-01-20T09:30:44","guid":{"rendered":"https:\/\/blogdorogeriogomes.com.br\/?p=28130"},"modified":"2023-01-20T12:50:15","modified_gmt":"2023-01-20T12:50:15","slug":"evento-no-pecem-oficializa-a-producao-da-primeira-molecula-de-hidrogenio-verde-produzida-no-pais","status":"publish","type":"post","link":"https:\/\/blogdorogeriogomes.com.br\/noticias\/2023\/01\/evento-no-pecem-oficializa-a-producao-da-primeira-molecula-de-hidrogenio-verde-produzida-no-pais\/","title":{"rendered":"Evento no Pec\u00e9m oficializa a produ\u00e7\u00e3o da primeira mol\u00e9cula de hidrog\u00eanio verde produzida no Pa\u00eds\u00a0"},"content":{"rendered":"\n<p>Empresa no Porto do Pec\u00e9m lan\u00e7ou sua planta de hidrog\u00eanio verde com a presen\u00e7a do ministro de Minas e Energia, Alexandre Silveira, e do governador Elmano de Freitas.<\/p>\n\n\n\n<p>A empresa EDP, que atua em toda a cadeia do setor el\u00e9trico brasileiro, foi a primeira a gerar uma mol\u00e9cula de hidrog\u00eanio verde no Pa\u00eds. Nesta quinta-feira, dia 19 de janeiro, a companhia apresentou sua planta de produ\u00e7\u00e3o do combust\u00edvel. &#8220;Um investimento em torno de R$ 42 milh\u00f5es de reais&#8221;, disse&nbsp;Jo\u00e3o Marques da Cruz, presidente da EDP Brasil.<\/p>\n\n\n\n<p>A solenidade de lan\u00e7amento contou com a presen\u00e7a do ministro de Minas e Energia do Governo Lula, Alexandre Silveira, e do governador Elmano de Freitas. &#8220;A inaugura\u00e7\u00e3o da primeira unidade de produ\u00e7\u00e3o de hidrog\u00eanio verde no Complexo Portu\u00e1rio do Pec\u00e9m \u00e9 um mar\u00e7o para a gera\u00e7\u00e3o de energia renov\u00e1vel no Pa\u00eds&#8221;, afirmou Alexandre Silveira, ministro de Minas e Energia.<\/p>\n\n\n\n<p>Desde o ano passado, o Governo do Cear\u00e1 j\u00e1 assinou v\u00e1rios memorandos para a instala\u00e7\u00e3o de empresas nacionais e estrangeiras no Estado para a produ\u00e7\u00e3o de hidrog\u00eanio verde.<\/p>\n\n\n\n<p>&#8220;Os investimentos em energia renov\u00e1vel prometem trazer gera\u00e7\u00e3o de novos empregos e de sustentabilidade para a economia do Cear\u00e1 nos pr\u00f3ximos 10 anos&#8221;, destacou Elmano de Freitas, governador do Cear\u00e1.<\/p>\n\n\n\n<figure class=\"wp-block-image size-large\"><img loading=\"lazy\" decoding=\"async\" width=\"1024\" height=\"683\" src=\"https:\/\/blogdorogeriogomes.com.br\/wp-content\/uploads\/2023\/01\/230119_INAUG-PRIMEIRA-USINA-DE-HIDROGENIO-VERDE_TG8626-1200x800-1-1024x683.jpg\" alt=\"\" class=\"wp-image-28131\" srcset=\"https:\/\/blogdorogeriogomes.com.br\/noticias\/wp-content\/uploads\/2023\/01\/230119_INAUG-PRIMEIRA-USINA-DE-HIDROGENIO-VERDE_TG8626-1200x800-1-1024x683.jpg 1024w, https:\/\/blogdorogeriogomes.com.br\/noticias\/wp-content\/uploads\/2023\/01\/230119_INAUG-PRIMEIRA-USINA-DE-HIDROGENIO-VERDE_TG8626-1200x800-1-300x200.jpg 300w, https:\/\/blogdorogeriogomes.com.br\/noticias\/wp-content\/uploads\/2023\/01\/230119_INAUG-PRIMEIRA-USINA-DE-HIDROGENIO-VERDE_TG8626-1200x800-1-768x512.jpg 768w, https:\/\/blogdorogeriogomes.com.br\/noticias\/wp-content\/uploads\/2023\/01\/230119_INAUG-PRIMEIRA-USINA-DE-HIDROGENIO-VERDE_TG8626-1200x800-1-800x533.jpg 800w, https:\/\/blogdorogeriogomes.com.br\/noticias\/wp-content\/uploads\/2023\/01\/230119_INAUG-PRIMEIRA-USINA-DE-HIDROGENIO-VERDE_TG8626-1200x800-1.jpg 1200w\" sizes=\"auto, (max-width: 1024px) 100vw, 1024px\" \/><\/figure>\n","protected":false},"excerpt":{"rendered":"<p>Empresa no Porto do Pec\u00e9m lan\u00e7ou sua planta de hidrog\u00eanio verde com a presen\u00e7a do ministro de Minas e Energia, Alexandre Silveira, e do governador Elmano de Freitas. A empresa EDP, que atua em toda a cadeia do setor el\u00e9trico brasileiro, foi a primeira a gerar uma mol\u00e9cula de hidrog\u00eanio verde no Pa\u00eds. Nesta quinta-feira, dia 19 de janeiro, a companhia apresentou sua planta de produ\u00e7\u00e3o do combust\u00edvel. &#8220;Um investimento em torno de R$ 42 milh\u00f5es de reais&#8221;, disse&nbsp;Jo\u00e3o&hellip;<\/p>\n","protected":false},"author":1,"featured_media":28131,"comment_status":"open","ping_status":"open","sticky":false,"template":"","format":"standard","meta":{"footnotes":""},"categories":[1],"tags":[],"class_list":["post-28130","post","type-post","status-publish","format-standard","has-post-thumbnail","hentry","category-noticias"],"_links":{"self":[{"href":"https:\/\/blogdorogeriogomes.com.br\/noticias\/wp-json\/wp\/v2\/posts\/28130","targetHints":{"allow":["GET"]}}],"collection":[{"href":"https:\/\/blogdorogeriogomes.com.br\/noticias\/wp-json\/wp\/v2\/posts"}],"about":[{"href":"https:\/\/blogdorogeriogomes.com.br\/noticias\/wp-json\/wp\/v2\/types\/post"}],"author":[{"embeddable":true,"href":"https:\/\/blogdorogeriogomes.com.br\/noticias\/wp-json\/wp\/v2\/users\/1"}],"replies":[{"embeddable":true,"href":"https:\/\/blogdorogeriogomes.com.br\/noticias\/wp-json\/wp\/v2\/comments?post=28130"}],"version-history":[{"count":2,"href":"https:\/\/blogdorogeriogomes.com.br\/noticias\/wp-json\/wp\/v2\/posts\/28130\/revisions"}],"predecessor-version":[{"id":28137,"href":"https:\/\/blogdorogeriogomes.com.br\/noticias\/wp-json\/wp\/v2\/posts\/28130\/revisions\/28137"}],"wp:featuredmedia":[{"embeddable":true,"href":"https:\/\/blogdorogeriogomes.com.br\/noticias\/wp-json\/wp\/v2\/media\/28131"}],"wp:attachment":[{"href":"https:\/\/blogdorogeriogomes.com.br\/noticias\/wp-json\/wp\/v2\/media?parent=28130"}],"wp:term":[{"taxonomy":"category","embeddable":true,"href":"https:\/\/blogdorogeriogomes.com.br\/noticias\/wp-json\/wp\/v2\/categories?post=28130"},{"taxonomy":"post_tag","embeddable":true,"href":"https:\/\/blogdorogeriogomes.com.br\/noticias\/wp-json\/wp\/v2\/tags?post=28130"}],"curies":[{"name":"wp","href":"https:\/\/api.w.org\/{rel}","templated":true}]}}