{"id":28133,"date":"2023-01-20T09:51:05","date_gmt":"2023-01-20T09:51:05","guid":{"rendered":"https:\/\/blogdorogeriogomes.com.br\/?p=28133"},"modified":"2023-01-20T12:50:04","modified_gmt":"2023-01-20T12:50:04","slug":"governo-lula-retoma-dialogo-com-reitores-de-universidades-e-institutos-federais-de-todo-o-pais","status":"publish","type":"post","link":"https:\/\/blogdorogeriogomes.com.br\/noticias\/2023\/01\/governo-lula-retoma-dialogo-com-reitores-de-universidades-e-institutos-federais-de-todo-o-pais\/","title":{"rendered":"Governo Lula retoma di\u00e1logo com reitores de universidades e institutos federais de todo o Pa\u00eds"},"content":{"rendered":"\n<p>O Governo Lula voltou a abrir o di\u00e1logo com o Ensino Superior do Pa\u00eds. Ap\u00f3s quatro anos de falta de comando no Minist\u00e9rio da Educa\u00e7\u00e3o, tendo \u00e0 frente o ex-presidente Jair Bolsonaro, os reitores das universidades e institutos federais voltaram a ser recebidos n\u00e3o apenas no Minist\u00e9rio da Educa\u00e7\u00e3o, mas tamb\u00e9m pelo Presidente da Rep\u00fablica, Luiz In\u00e1cio Lula da Silva. &#8220;Fizemos um encontro em que ouvimos nossas institui\u00e7\u00f5es e reafirmamos o compromisso e o apoio total a elas e \u00e0 autonomia que possuem. Juntos faremos uma educa\u00e7\u00e3o mais forte. Como diz o presidente Lula, Educa\u00e7\u00e3o n\u00e3o \u00e9 gasto, \u00e9 investimento&#8221;, destacou o ministro da Educa\u00e7\u00e3o, Camilo Santana.<\/p>\n\n\n\n<p>Lula falou aos reitores e prometeu di\u00e1logo para resolver os problemas de falta de recursos. &#8220;A democracia est\u00e1 de volta \u00e0s universidades brasileiras. Juntos, vamos fazer muito por esse pa\u00eds&#8221;, destacou o presidente.<\/p>\n\n\n\n<figure class=\"wp-block-image size-full\"><img loading=\"lazy\" decoding=\"async\" width=\"704\" height=\"484\" src=\"https:\/\/blogdorogeriogomes.com.br\/wp-content\/uploads\/2023\/01\/IMG-20230120-WA0008.jpg\" alt=\"\" class=\"wp-image-28134\" srcset=\"https:\/\/blogdorogeriogomes.com.br\/noticias\/wp-content\/uploads\/2023\/01\/IMG-20230120-WA0008.jpg 704w, https:\/\/blogdorogeriogomes.com.br\/noticias\/wp-content\/uploads\/2023\/01\/IMG-20230120-WA0008-300x206.jpg 300w\" sizes=\"auto, (max-width: 704px) 100vw, 704px\" \/><\/figure>\n\n\n\n<p><\/p>\n","protected":false},"excerpt":{"rendered":"<p>O Governo Lula voltou a abrir o di\u00e1logo com o Ensino Superior do Pa\u00eds. Ap\u00f3s quatro anos de falta de comando no Minist\u00e9rio da Educa\u00e7\u00e3o, tendo \u00e0 frente o ex-presidente Jair Bolsonaro, os reitores das universidades e institutos federais voltaram a ser recebidos n\u00e3o apenas no Minist\u00e9rio da Educa\u00e7\u00e3o, mas tamb\u00e9m pelo Presidente da Rep\u00fablica, Luiz In\u00e1cio Lula da Silva. &#8220;Fizemos um encontro em que ouvimos nossas institui\u00e7\u00f5es e reafirmamos o compromisso e o apoio total a elas e&hellip;<\/p>\n","protected":false},"author":1,"featured_media":28134,"comment_status":"open","ping_status":"open","sticky":false,"template":"","format":"standard","meta":{"footnotes":""},"categories":[1],"tags":[],"class_list":["post-28133","post","type-post","status-publish","format-standard","has-post-thumbnail","hentry","category-noticias"],"_links":{"self":[{"href":"https:\/\/blogdorogeriogomes.com.br\/noticias\/wp-json\/wp\/v2\/posts\/28133","targetHints":{"allow":["GET"]}}],"collection":[{"href":"https:\/\/blogdorogeriogomes.com.br\/noticias\/wp-json\/wp\/v2\/posts"}],"about":[{"href":"https:\/\/blogdorogeriogomes.com.br\/noticias\/wp-json\/wp\/v2\/types\/post"}],"author":[{"embeddable":true,"href":"https:\/\/blogdorogeriogomes.com.br\/noticias\/wp-json\/wp\/v2\/users\/1"}],"replies":[{"embeddable":true,"href":"https:\/\/blogdorogeriogomes.com.br\/noticias\/wp-json\/wp\/v2\/comments?post=28133"}],"version-history":[{"count":1,"href":"https:\/\/blogdorogeriogomes.com.br\/noticias\/wp-json\/wp\/v2\/posts\/28133\/revisions"}],"predecessor-version":[{"id":28135,"href":"https:\/\/blogdorogeriogomes.com.br\/noticias\/wp-json\/wp\/v2\/posts\/28133\/revisions\/28135"}],"wp:featuredmedia":[{"embeddable":true,"href":"https:\/\/blogdorogeriogomes.com.br\/noticias\/wp-json\/wp\/v2\/media\/28134"}],"wp:attachment":[{"href":"https:\/\/blogdorogeriogomes.com.br\/noticias\/wp-json\/wp\/v2\/media?parent=28133"}],"wp:term":[{"taxonomy":"category","embeddable":true,"href":"https:\/\/blogdorogeriogomes.com.br\/noticias\/wp-json\/wp\/v2\/categories?post=28133"},{"taxonomy":"post_tag","embeddable":true,"href":"https:\/\/blogdorogeriogomes.com.br\/noticias\/wp-json\/wp\/v2\/tags?post=28133"}],"curies":[{"name":"wp","href":"https:\/\/api.w.org\/{rel}","templated":true}]}}