{"id":28140,"date":"2023-01-20T14:00:48","date_gmt":"2023-01-20T14:00:48","guid":{"rendered":"https:\/\/blogdorogeriogomes.com.br\/?p=28140"},"modified":"2023-01-24T12:23:56","modified_gmt":"2023-01-24T12:23:56","slug":"ceara-tem-probabilidade-de-50-de-chuvas-acima-da-media-nos-proximos-tres-meses","status":"publish","type":"post","link":"https:\/\/blogdorogeriogomes.com.br\/noticias\/2023\/01\/ceara-tem-probabilidade-de-50-de-chuvas-acima-da-media-nos-proximos-tres-meses\/","title":{"rendered":"Cear\u00e1 tem probabilidade de 50% de chuvas acima da m\u00e9dia nos pr\u00f3ximos tr\u00eas meses"},"content":{"rendered":"\n<p>As chuvas come\u00e7aram de forma intensa no Estado em janeiro. Al\u00e9m de Fortaleza, munic\u00edpios do interior do Cear\u00e1 t\u00eam sido contemplados com precipita\u00e7\u00f5es intensas. Nas \u00faltimas 24 horas, V\u00e1rzea Alegre, no Centro-Sul do Estado, registrou 160 mil\u00edmetros de chuva. Pela manh\u00e3, a Funceme tra\u00e7ou um progn\u00f3stico para os pr\u00f3ximos tr\u00eas meses. E as perspectivas s\u00e3o favor\u00e1veis para uma boa quadra chuvosa, segundo Eduardo S\u00e1vio, presidente da Funceme.<\/p>\n\n\n\n<p>Os estudos meteorol\u00f3gicos da Funceme apontam que o Cear\u00e1 tem probabilidade de 50% de chuvas acima da m\u00e9dia em fevereiro, mar\u00e7o e abril. O que abre boas perspectivas para o Estado.<\/p>\n\n\n\n<p>H\u00e1 possibilidade de que 40% de precipita\u00e7\u00f5es dentro da normalidade e 10% abaixo da m\u00e9dia hist\u00f3rica. A previs\u00e3o \u00e9 que nos pr\u00f3ximos tr\u00eas meses, o Cear\u00e1 receba entre 433 a 587 mil\u00edmetros de chuva em m\u00e9dia.<\/p>\n\n\n\n<figure class=\"wp-block-image size-large\"><img loading=\"lazy\" decoding=\"async\" width=\"1024\" height=\"768\" src=\"https:\/\/blogdorogeriogomes.com.br\/wp-content\/uploads\/2023\/01\/IMG_20230120_104528843-1024x768.jpg\" alt=\"\" class=\"wp-image-28141\" srcset=\"https:\/\/blogdorogeriogomes.com.br\/noticias\/wp-content\/uploads\/2023\/01\/IMG_20230120_104528843-1024x768.jpg 1024w, https:\/\/blogdorogeriogomes.com.br\/noticias\/wp-content\/uploads\/2023\/01\/IMG_20230120_104528843-300x225.jpg 300w, https:\/\/blogdorogeriogomes.com.br\/noticias\/wp-content\/uploads\/2023\/01\/IMG_20230120_104528843-768x576.jpg 768w, https:\/\/blogdorogeriogomes.com.br\/noticias\/wp-content\/uploads\/2023\/01\/IMG_20230120_104528843-1536x1152.jpg 1536w, https:\/\/blogdorogeriogomes.com.br\/noticias\/wp-content\/uploads\/2023\/01\/IMG_20230120_104528843-2048x1536.jpg 2048w, https:\/\/blogdorogeriogomes.com.br\/noticias\/wp-content\/uploads\/2023\/01\/IMG_20230120_104528843-800x600.jpg 800w, https:\/\/blogdorogeriogomes.com.br\/noticias\/wp-content\/uploads\/2023\/01\/IMG_20230120_104528843-400x300.jpg 400w\" sizes=\"auto, (max-width: 1024px) 100vw, 1024px\" \/><\/figure>\n","protected":false},"excerpt":{"rendered":"<p>As chuvas come\u00e7aram de forma intensa no Estado em janeiro. Al\u00e9m de Fortaleza, munic\u00edpios do interior do Cear\u00e1 t\u00eam sido contemplados com precipita\u00e7\u00f5es intensas. Nas \u00faltimas 24 horas, V\u00e1rzea Alegre, no Centro-Sul do Estado, registrou 160 mil\u00edmetros de chuva. Pela manh\u00e3, a Funceme tra\u00e7ou um progn\u00f3stico para os pr\u00f3ximos tr\u00eas meses. E as perspectivas s\u00e3o favor\u00e1veis para uma boa quadra chuvosa, segundo Eduardo S\u00e1vio, presidente da Funceme. Os estudos meteorol\u00f3gicos da Funceme apontam que o Cear\u00e1 tem probabilidade de&hellip;<\/p>\n","protected":false},"author":1,"featured_media":28141,"comment_status":"open","ping_status":"open","sticky":false,"template":"","format":"standard","meta":{"footnotes":""},"categories":[1],"tags":[],"class_list":["post-28140","post","type-post","status-publish","format-standard","has-post-thumbnail","hentry","category-noticias"],"_links":{"self":[{"href":"https:\/\/blogdorogeriogomes.com.br\/noticias\/wp-json\/wp\/v2\/posts\/28140","targetHints":{"allow":["GET"]}}],"collection":[{"href":"https:\/\/blogdorogeriogomes.com.br\/noticias\/wp-json\/wp\/v2\/posts"}],"about":[{"href":"https:\/\/blogdorogeriogomes.com.br\/noticias\/wp-json\/wp\/v2\/types\/post"}],"author":[{"embeddable":true,"href":"https:\/\/blogdorogeriogomes.com.br\/noticias\/wp-json\/wp\/v2\/users\/1"}],"replies":[{"embeddable":true,"href":"https:\/\/blogdorogeriogomes.com.br\/noticias\/wp-json\/wp\/v2\/comments?post=28140"}],"version-history":[{"count":1,"href":"https:\/\/blogdorogeriogomes.com.br\/noticias\/wp-json\/wp\/v2\/posts\/28140\/revisions"}],"predecessor-version":[{"id":28142,"href":"https:\/\/blogdorogeriogomes.com.br\/noticias\/wp-json\/wp\/v2\/posts\/28140\/revisions\/28142"}],"wp:featuredmedia":[{"embeddable":true,"href":"https:\/\/blogdorogeriogomes.com.br\/noticias\/wp-json\/wp\/v2\/media\/28141"}],"wp:attachment":[{"href":"https:\/\/blogdorogeriogomes.com.br\/noticias\/wp-json\/wp\/v2\/media?parent=28140"}],"wp:term":[{"taxonomy":"category","embeddable":true,"href":"https:\/\/blogdorogeriogomes.com.br\/noticias\/wp-json\/wp\/v2\/categories?post=28140"},{"taxonomy":"post_tag","embeddable":true,"href":"https:\/\/blogdorogeriogomes.com.br\/noticias\/wp-json\/wp\/v2\/tags?post=28140"}],"curies":[{"name":"wp","href":"https:\/\/api.w.org\/{rel}","templated":true}]}}