{"id":28143,"date":"2023-01-20T21:39:09","date_gmt":"2023-01-20T21:39:09","guid":{"rendered":"https:\/\/blogdorogeriogomes.com.br\/?p=28143"},"modified":"2023-01-24T12:23:47","modified_gmt":"2023-01-24T12:23:47","slug":"bancada-cearense-em-brasilia-fecha-apoio-a-reeleicao-de-arthur-lira","status":"publish","type":"post","link":"https:\/\/blogdorogeriogomes.com.br\/noticias\/2023\/01\/bancada-cearense-em-brasilia-fecha-apoio-a-reeleicao-de-arthur-lira\/","title":{"rendered":"Bancada cearense em Bras\u00edlia fecha apoio \u00e0 reelei\u00e7\u00e3o de Arthur Lira"},"content":{"rendered":"\n<p>Os deputados federais cearenses eleitos para a pr\u00f3xima legislatura estiveram, nesta quinta-feira, dia 19 de janeiro, em Bras\u00edlia para uma reuni\u00e3o com o presidente da C\u00e2mara dos Deputados, Arthur Lira (PP-AL). O encontro teve como foco a elei\u00e7\u00e3o para a Mesa Diretora da Casa. Lira \u00e9 candidato \u00e0 reelei\u00e7\u00e3o.&nbsp;<\/p>\n\n\n\n<p>Dos 22 parlamentares cearenses eleitos para a C\u00e2mara Federal, 15 estiveram no encontro. Tanto deputados alinhados com o presidente&nbsp;Lula (PT), como o l\u00edder do Governo, Jos\u00e9 Guimar\u00e3es (PT), e&nbsp;Luizianne Lins (PT) at\u00e9 apoiadores do ex-presidente&nbsp;Jair Bolsonaro (PL), como&nbsp;Andr\u00e9 Fernandes (PL) e Dayane do Capit\u00e3o (Uni\u00e3o).&nbsp;<\/p>\n\n\n\n<figure class=\"wp-block-image size-large\"><img loading=\"lazy\" decoding=\"async\" width=\"1024\" height=\"487\" src=\"https:\/\/blogdorogeriogomes.com.br\/wp-content\/uploads\/2023\/01\/2001_2e88_0308_d4fc-1024x487.jpg\" alt=\"\" class=\"wp-image-28144\" srcset=\"https:\/\/blogdorogeriogomes.com.br\/noticias\/wp-content\/uploads\/2023\/01\/2001_2e88_0308_d4fc-1024x487.jpg 1024w, https:\/\/blogdorogeriogomes.com.br\/noticias\/wp-content\/uploads\/2023\/01\/2001_2e88_0308_d4fc-300x143.jpg 300w, https:\/\/blogdorogeriogomes.com.br\/noticias\/wp-content\/uploads\/2023\/01\/2001_2e88_0308_d4fc-768x366.jpg 768w, https:\/\/blogdorogeriogomes.com.br\/noticias\/wp-content\/uploads\/2023\/01\/2001_2e88_0308_d4fc-800x381.jpg 800w, https:\/\/blogdorogeriogomes.com.br\/noticias\/wp-content\/uploads\/2023\/01\/2001_2e88_0308_d4fc.jpg 1170w\" sizes=\"auto, (max-width: 1024px) 100vw, 1024px\" \/><\/figure>\n","protected":false},"excerpt":{"rendered":"<p>Os deputados federais cearenses eleitos para a pr\u00f3xima legislatura estiveram, nesta quinta-feira, dia 19 de janeiro, em Bras\u00edlia para uma reuni\u00e3o com o presidente da C\u00e2mara dos Deputados, Arthur Lira (PP-AL). O encontro teve como foco a elei\u00e7\u00e3o para a Mesa Diretora da Casa. Lira \u00e9 candidato \u00e0 reelei\u00e7\u00e3o.&nbsp; Dos 22 parlamentares cearenses eleitos para a C\u00e2mara Federal, 15 estiveram no encontro. Tanto deputados alinhados com o presidente&nbsp;Lula (PT), como o l\u00edder do Governo, Jos\u00e9 Guimar\u00e3es (PT), e&nbsp;Luizianne Lins&hellip;<\/p>\n","protected":false},"author":1,"featured_media":28144,"comment_status":"open","ping_status":"open","sticky":false,"template":"","format":"standard","meta":{"footnotes":""},"categories":[1],"tags":[],"class_list":["post-28143","post","type-post","status-publish","format-standard","has-post-thumbnail","hentry","category-noticias"],"_links":{"self":[{"href":"https:\/\/blogdorogeriogomes.com.br\/noticias\/wp-json\/wp\/v2\/posts\/28143","targetHints":{"allow":["GET"]}}],"collection":[{"href":"https:\/\/blogdorogeriogomes.com.br\/noticias\/wp-json\/wp\/v2\/posts"}],"about":[{"href":"https:\/\/blogdorogeriogomes.com.br\/noticias\/wp-json\/wp\/v2\/types\/post"}],"author":[{"embeddable":true,"href":"https:\/\/blogdorogeriogomes.com.br\/noticias\/wp-json\/wp\/v2\/users\/1"}],"replies":[{"embeddable":true,"href":"https:\/\/blogdorogeriogomes.com.br\/noticias\/wp-json\/wp\/v2\/comments?post=28143"}],"version-history":[{"count":2,"href":"https:\/\/blogdorogeriogomes.com.br\/noticias\/wp-json\/wp\/v2\/posts\/28143\/revisions"}],"predecessor-version":[{"id":28178,"href":"https:\/\/blogdorogeriogomes.com.br\/noticias\/wp-json\/wp\/v2\/posts\/28143\/revisions\/28178"}],"wp:featuredmedia":[{"embeddable":true,"href":"https:\/\/blogdorogeriogomes.com.br\/noticias\/wp-json\/wp\/v2\/media\/28144"}],"wp:attachment":[{"href":"https:\/\/blogdorogeriogomes.com.br\/noticias\/wp-json\/wp\/v2\/media?parent=28143"}],"wp:term":[{"taxonomy":"category","embeddable":true,"href":"https:\/\/blogdorogeriogomes.com.br\/noticias\/wp-json\/wp\/v2\/categories?post=28143"},{"taxonomy":"post_tag","embeddable":true,"href":"https:\/\/blogdorogeriogomes.com.br\/noticias\/wp-json\/wp\/v2\/tags?post=28143"}],"curies":[{"name":"wp","href":"https:\/\/api.w.org\/{rel}","templated":true}]}}