{"id":28146,"date":"2023-01-22T13:37:03","date_gmt":"2023-01-22T13:37:03","guid":{"rendered":"https:\/\/blogdorogeriogomes.com.br\/?p=28146"},"modified":"2023-01-24T12:23:40","modified_gmt":"2023-01-24T12:23:40","slug":"lula-viaja-para-argentina-em-primeiro-compromisso-internacional-apos-a-posse-no-planalto","status":"publish","type":"post","link":"https:\/\/blogdorogeriogomes.com.br\/noticias\/2023\/01\/lula-viaja-para-argentina-em-primeiro-compromisso-internacional-apos-a-posse-no-planalto\/","title":{"rendered":"Lula viaja para Argentina em primeiro compromisso internacional ap\u00f3s a posse no Planalto"},"content":{"rendered":"\n<p>O presidente Lula&nbsp;viaja neste domingo, dia 22 de janeiro, para a Argentina, na primeira viagem internacional desde que assumiu o novo mandato. A previs\u00e3o \u00e9 que o presidente embarque com destino a Buenos Aires, \u00e0s 18 horas.<\/p>\n\n\n\n<p>Os ministros da Fazenda, Fernando Haddad, e da Secretaria de Comunica\u00e7\u00e3o Social, Paulo Pimenta, acompanham a comitiva. A agenda de Lula acontece nesta segunda-feira e na ter\u00e7a-feira. <\/p>\n\n\n\n<p>Est\u00e3o previstas reuni\u00e3o na Casa Rosada com o presidente da Argentina, Alberto Fern\u00e1ndez, e participa\u00e7\u00e3o na 7\u00aa C\u00fapula de Chefas e Chefes de Estado da Comunidade de Estados Latino-Americanos e Caribenhos (Celac).<\/p>\n\n\n\n<figure class=\"wp-block-image size-large\"><img loading=\"lazy\" decoding=\"async\" width=\"1024\" height=\"576\" src=\"https:\/\/blogdorogeriogomes.com.br\/wp-content\/uploads\/2023\/01\/presidente-lula-1024x576.jpg\" alt=\"\" class=\"wp-image-28147\" srcset=\"https:\/\/blogdorogeriogomes.com.br\/noticias\/wp-content\/uploads\/2023\/01\/presidente-lula-1024x576.jpg 1024w, https:\/\/blogdorogeriogomes.com.br\/noticias\/wp-content\/uploads\/2023\/01\/presidente-lula-300x169.jpg 300w, https:\/\/blogdorogeriogomes.com.br\/noticias\/wp-content\/uploads\/2023\/01\/presidente-lula-768x432.jpg 768w, https:\/\/blogdorogeriogomes.com.br\/noticias\/wp-content\/uploads\/2023\/01\/presidente-lula-800x450.jpg 800w, https:\/\/blogdorogeriogomes.com.br\/noticias\/wp-content\/uploads\/2023\/01\/presidente-lula.jpg 1080w\" sizes=\"auto, (max-width: 1024px) 100vw, 1024px\" \/><\/figure>\n","protected":false},"excerpt":{"rendered":"<p>O presidente Lula&nbsp;viaja neste domingo, dia 22 de janeiro, para a Argentina, na primeira viagem internacional desde que assumiu o novo mandato. A previs\u00e3o \u00e9 que o presidente embarque com destino a Buenos Aires, \u00e0s 18 horas. Os ministros da Fazenda, Fernando Haddad, e da Secretaria de Comunica\u00e7\u00e3o Social, Paulo Pimenta, acompanham a comitiva. A agenda de Lula acontece nesta segunda-feira e na ter\u00e7a-feira. Est\u00e3o previstas reuni\u00e3o na Casa Rosada com o presidente da Argentina, Alberto Fern\u00e1ndez, e participa\u00e7\u00e3o&hellip;<\/p>\n","protected":false},"author":1,"featured_media":28147,"comment_status":"open","ping_status":"open","sticky":false,"template":"","format":"standard","meta":{"footnotes":""},"categories":[1],"tags":[],"class_list":["post-28146","post","type-post","status-publish","format-standard","has-post-thumbnail","hentry","category-noticias"],"_links":{"self":[{"href":"https:\/\/blogdorogeriogomes.com.br\/noticias\/wp-json\/wp\/v2\/posts\/28146","targetHints":{"allow":["GET"]}}],"collection":[{"href":"https:\/\/blogdorogeriogomes.com.br\/noticias\/wp-json\/wp\/v2\/posts"}],"about":[{"href":"https:\/\/blogdorogeriogomes.com.br\/noticias\/wp-json\/wp\/v2\/types\/post"}],"author":[{"embeddable":true,"href":"https:\/\/blogdorogeriogomes.com.br\/noticias\/wp-json\/wp\/v2\/users\/1"}],"replies":[{"embeddable":true,"href":"https:\/\/blogdorogeriogomes.com.br\/noticias\/wp-json\/wp\/v2\/comments?post=28146"}],"version-history":[{"count":2,"href":"https:\/\/blogdorogeriogomes.com.br\/noticias\/wp-json\/wp\/v2\/posts\/28146\/revisions"}],"predecessor-version":[{"id":28177,"href":"https:\/\/blogdorogeriogomes.com.br\/noticias\/wp-json\/wp\/v2\/posts\/28146\/revisions\/28177"}],"wp:featuredmedia":[{"embeddable":true,"href":"https:\/\/blogdorogeriogomes.com.br\/noticias\/wp-json\/wp\/v2\/media\/28147"}],"wp:attachment":[{"href":"https:\/\/blogdorogeriogomes.com.br\/noticias\/wp-json\/wp\/v2\/media?parent=28146"}],"wp:term":[{"taxonomy":"category","embeddable":true,"href":"https:\/\/blogdorogeriogomes.com.br\/noticias\/wp-json\/wp\/v2\/categories?post=28146"},{"taxonomy":"post_tag","embeddable":true,"href":"https:\/\/blogdorogeriogomes.com.br\/noticias\/wp-json\/wp\/v2\/tags?post=28146"}],"curies":[{"name":"wp","href":"https:\/\/api.w.org\/{rel}","templated":true}]}}