{"id":28149,"date":"2023-01-22T13:58:02","date_gmt":"2023-01-22T13:58:02","guid":{"rendered":"https:\/\/blogdorogeriogomes.com.br\/?p=28149"},"modified":"2023-01-24T12:23:34","modified_gmt":"2023-01-24T12:23:34","slug":"governo-federal-promove-mudanca-no-comando-do-exercito","status":"publish","type":"post","link":"https:\/\/blogdorogeriogomes.com.br\/noticias\/2023\/01\/governo-federal-promove-mudanca-no-comando-do-exercito\/","title":{"rendered":"Governo Federal promove mudan\u00e7a no comando do Ex\u00e9rcito"},"content":{"rendered":"\n<p>O presidente Luiz In\u00e1cio Lula&nbsp;da Silva  demitiu neste s\u00e1bado, dia 21 de janeiro ,o general J\u00falio C\u00e9sar de Arruda do cargo de comandante do Ex\u00e9rcito. Ele havia assumido o cargo ainda no governo Bolsonaro.&nbsp;O substituto \u00e9 o general Tom\u00e1s Miguel Ribeiro Paiva, que era comandante militar do Sudeste desde 2021. A troca foi publicada em edi\u00e7\u00e3o extra do &#8220;Di\u00e1rio Oficial da Uni\u00e3o&#8221;.<\/p>\n\n\n\n<p>A situa\u00e7\u00e3o do general J\u00falio C\u00e9sar de Arruda no Comando do Ex\u00e9rcito se complicou quando ele resistiu a punir individualmente militares possivelmente envolvidos nos atos terroristas de 8 de janeiro, em Bras\u00edlia, quando bolsonaristas radicais invadiram \u00e0s sedes dos tr\u00eas poderes.<\/p>\n\n\n\n<p>O presidente Lula avaliou que n\u00e3o d\u00e1 para ficar com algu\u00e9m que est\u00e1 com uma postura insubordinada no comando do Ex\u00e9rcito e que precisa de algu\u00e9m que esteja ali defendendo a legalidade e o que diz a Constitui\u00e7\u00e3o.<\/p>\n\n\n\n<figure class=\"wp-block-image size-full\"><img loading=\"lazy\" decoding=\"async\" width=\"678\" height=\"452\" src=\"https:\/\/blogdorogeriogomes.com.br\/wp-content\/uploads\/2023\/01\/images-14.jpeg\" alt=\"\" class=\"wp-image-28150\" srcset=\"https:\/\/blogdorogeriogomes.com.br\/noticias\/wp-content\/uploads\/2023\/01\/images-14.jpeg 678w, https:\/\/blogdorogeriogomes.com.br\/noticias\/wp-content\/uploads\/2023\/01\/images-14-300x200.jpeg 300w\" sizes=\"auto, (max-width: 678px) 100vw, 678px\" \/><\/figure>\n","protected":false},"excerpt":{"rendered":"<p>O presidente Luiz In\u00e1cio Lula&nbsp;da Silva demitiu neste s\u00e1bado, dia 21 de janeiro ,o general J\u00falio C\u00e9sar de Arruda do cargo de comandante do Ex\u00e9rcito. Ele havia assumido o cargo ainda no governo Bolsonaro.&nbsp;O substituto \u00e9 o general Tom\u00e1s Miguel Ribeiro Paiva, que era comandante militar do Sudeste desde 2021. A troca foi publicada em edi\u00e7\u00e3o extra do &#8220;Di\u00e1rio Oficial da Uni\u00e3o&#8221;. A situa\u00e7\u00e3o do general J\u00falio C\u00e9sar de Arruda no Comando do Ex\u00e9rcito se complicou quando ele resistiu&hellip;<\/p>\n","protected":false},"author":1,"featured_media":28150,"comment_status":"open","ping_status":"open","sticky":false,"template":"","format":"standard","meta":{"footnotes":""},"categories":[1],"tags":[],"class_list":["post-28149","post","type-post","status-publish","format-standard","has-post-thumbnail","hentry","category-noticias"],"_links":{"self":[{"href":"https:\/\/blogdorogeriogomes.com.br\/noticias\/wp-json\/wp\/v2\/posts\/28149","targetHints":{"allow":["GET"]}}],"collection":[{"href":"https:\/\/blogdorogeriogomes.com.br\/noticias\/wp-json\/wp\/v2\/posts"}],"about":[{"href":"https:\/\/blogdorogeriogomes.com.br\/noticias\/wp-json\/wp\/v2\/types\/post"}],"author":[{"embeddable":true,"href":"https:\/\/blogdorogeriogomes.com.br\/noticias\/wp-json\/wp\/v2\/users\/1"}],"replies":[{"embeddable":true,"href":"https:\/\/blogdorogeriogomes.com.br\/noticias\/wp-json\/wp\/v2\/comments?post=28149"}],"version-history":[{"count":2,"href":"https:\/\/blogdorogeriogomes.com.br\/noticias\/wp-json\/wp\/v2\/posts\/28149\/revisions"}],"predecessor-version":[{"id":28176,"href":"https:\/\/blogdorogeriogomes.com.br\/noticias\/wp-json\/wp\/v2\/posts\/28149\/revisions\/28176"}],"wp:featuredmedia":[{"embeddable":true,"href":"https:\/\/blogdorogeriogomes.com.br\/noticias\/wp-json\/wp\/v2\/media\/28150"}],"wp:attachment":[{"href":"https:\/\/blogdorogeriogomes.com.br\/noticias\/wp-json\/wp\/v2\/media?parent=28149"}],"wp:term":[{"taxonomy":"category","embeddable":true,"href":"https:\/\/blogdorogeriogomes.com.br\/noticias\/wp-json\/wp\/v2\/categories?post=28149"},{"taxonomy":"post_tag","embeddable":true,"href":"https:\/\/blogdorogeriogomes.com.br\/noticias\/wp-json\/wp\/v2\/tags?post=28149"}],"curies":[{"name":"wp","href":"https:\/\/api.w.org\/{rel}","templated":true}]}}