{"id":28152,"date":"2023-01-23T10:45:35","date_gmt":"2023-01-23T10:45:35","guid":{"rendered":"https:\/\/blogdorogeriogomes.com.br\/?p=28152"},"modified":"2023-01-24T12:23:23","modified_gmt":"2023-01-24T12:23:23","slug":"prefeitura-lanca-programa-nova-eja-fortaleza-nesta-segunda-feira","status":"publish","type":"post","link":"https:\/\/blogdorogeriogomes.com.br\/noticias\/2023\/01\/prefeitura-lanca-programa-nova-eja-fortaleza-nesta-segunda-feira\/","title":{"rendered":"Prefeitura lan\u00e7a programa Nova EJA Fortaleza nesta segunda-feira\u00a0"},"content":{"rendered":"\n<p>A Prefeitura de Fortaleza lan\u00e7a, nesta segunda-feira, dia 23 de janeiro, o programa Nova EJA Fortaleza, um pacote de investimentos destinado \u00e0 Educa\u00e7\u00e3o de Jovens e Adultos (EJA) da Rede Municipal de Ensino. O lan\u00e7amento ocorre no Memorial do Pa\u00e7o Municipal, no Centro.<\/p>\n\n\n\n<p>Por meio da Secretaria Municipal da Educa\u00e7\u00e3o (SME), ser\u00e3o executadas a\u00e7\u00f5es com foco em um curr\u00edculo inovador, voltado para a inclus\u00e3o e economia digital, empreendedorismo e renda, al\u00e9m da constru\u00e7\u00e3o de um projeto de vida. As a\u00e7\u00f5es receber\u00e3o o investimento de cerca de R$ 30 milh\u00f5es.<\/p>\n\n\n\n<p>A Educa\u00e7\u00e3o de Jovens e Adultos possibilita que adultos, idosos ou jovens com mais de 15 anos, que n\u00e3o conclu\u00edram o Ensino Fundamental, possam continuar os estudos.<\/p>\n\n\n\n<figure class=\"wp-block-image size-full\"><img loading=\"lazy\" decoding=\"async\" width=\"678\" height=\"452\" src=\"https:\/\/blogdorogeriogomes.com.br\/wp-content\/uploads\/2023\/01\/images-15.jpeg\" alt=\"\" class=\"wp-image-28153\" srcset=\"https:\/\/blogdorogeriogomes.com.br\/noticias\/wp-content\/uploads\/2023\/01\/images-15.jpeg 678w, https:\/\/blogdorogeriogomes.com.br\/noticias\/wp-content\/uploads\/2023\/01\/images-15-300x200.jpeg 300w\" sizes=\"auto, (max-width: 678px) 100vw, 678px\" \/><\/figure>\n","protected":false},"excerpt":{"rendered":"<p>A Prefeitura de Fortaleza lan\u00e7a, nesta segunda-feira, dia 23 de janeiro, o programa Nova EJA Fortaleza, um pacote de investimentos destinado \u00e0 Educa\u00e7\u00e3o de Jovens e Adultos (EJA) da Rede Municipal de Ensino. O lan\u00e7amento ocorre no Memorial do Pa\u00e7o Municipal, no Centro. Por meio da Secretaria Municipal da Educa\u00e7\u00e3o (SME), ser\u00e3o executadas a\u00e7\u00f5es com foco em um curr\u00edculo inovador, voltado para a inclus\u00e3o e economia digital, empreendedorismo e renda, al\u00e9m da constru\u00e7\u00e3o de um projeto de vida. As&hellip;<\/p>\n","protected":false},"author":1,"featured_media":28153,"comment_status":"open","ping_status":"open","sticky":false,"template":"","format":"standard","meta":{"footnotes":""},"categories":[1],"tags":[],"class_list":["post-28152","post","type-post","status-publish","format-standard","has-post-thumbnail","hentry","category-noticias"],"_links":{"self":[{"href":"https:\/\/blogdorogeriogomes.com.br\/noticias\/wp-json\/wp\/v2\/posts\/28152","targetHints":{"allow":["GET"]}}],"collection":[{"href":"https:\/\/blogdorogeriogomes.com.br\/noticias\/wp-json\/wp\/v2\/posts"}],"about":[{"href":"https:\/\/blogdorogeriogomes.com.br\/noticias\/wp-json\/wp\/v2\/types\/post"}],"author":[{"embeddable":true,"href":"https:\/\/blogdorogeriogomes.com.br\/noticias\/wp-json\/wp\/v2\/users\/1"}],"replies":[{"embeddable":true,"href":"https:\/\/blogdorogeriogomes.com.br\/noticias\/wp-json\/wp\/v2\/comments?post=28152"}],"version-history":[{"count":1,"href":"https:\/\/blogdorogeriogomes.com.br\/noticias\/wp-json\/wp\/v2\/posts\/28152\/revisions"}],"predecessor-version":[{"id":28154,"href":"https:\/\/blogdorogeriogomes.com.br\/noticias\/wp-json\/wp\/v2\/posts\/28152\/revisions\/28154"}],"wp:featuredmedia":[{"embeddable":true,"href":"https:\/\/blogdorogeriogomes.com.br\/noticias\/wp-json\/wp\/v2\/media\/28153"}],"wp:attachment":[{"href":"https:\/\/blogdorogeriogomes.com.br\/noticias\/wp-json\/wp\/v2\/media?parent=28152"}],"wp:term":[{"taxonomy":"category","embeddable":true,"href":"https:\/\/blogdorogeriogomes.com.br\/noticias\/wp-json\/wp\/v2\/categories?post=28152"},{"taxonomy":"post_tag","embeddable":true,"href":"https:\/\/blogdorogeriogomes.com.br\/noticias\/wp-json\/wp\/v2\/tags?post=28152"}],"curies":[{"name":"wp","href":"https:\/\/api.w.org\/{rel}","templated":true}]}}