{"id":28158,"date":"2023-01-24T00:04:43","date_gmt":"2023-01-24T00:04:43","guid":{"rendered":"https:\/\/blogdorogeriogomes.com.br\/?p=28158"},"modified":"2023-01-24T12:23:01","modified_gmt":"2023-01-24T12:23:01","slug":"prefeito-jose-sarto-anuncia-obras-de-requalificacao-da-praia-de-iracema","status":"publish","type":"post","link":"https:\/\/blogdorogeriogomes.com.br\/noticias\/2023\/01\/prefeito-jose-sarto-anuncia-obras-de-requalificacao-da-praia-de-iracema\/","title":{"rendered":"Prefeito Jos\u00e9 Sarto anuncia obras de requalifica\u00e7\u00e3o da Praia de Iracema"},"content":{"rendered":"\n<p>O prefeito de Fortaleza, Jos\u00e9 Sarto (PDT), apresenta nesta ter\u00e7a-feira, dia 24 de janeiro, o projeto de urbaniza\u00e7\u00e3o e requalifica\u00e7\u00e3o da Praia de Iracema. As obras, a serem realizadas pela Secretaria Municipal da Infraestrutura (Seinf), v\u00e3o beneficiar a regi\u00e3o com o mesmo padr\u00e3o da nova avenida Beira-Mar, contemplando o trecho desde a avenida Rui Barbosa at\u00e9 o Po\u00e7o da Draga, nas proximidades da antiga Ponte Met\u00e1lica.<\/p>\n\n\n\n<p>O valor global da licita\u00e7\u00e3o \u00e9 de R$ 26 milh\u00f5es e 700 mil reais. A obra ser\u00e1 licitada com abrang\u00eancia internacional, com recebimento das propostas no dia 1\u00ba de mar\u00e7o.<\/p>\n\n\n\n<p>O \u00f3rg\u00e3o financiador \u00e9 o Banco de Desenvolvimento da Am\u00e9rica Latina (CAF), dentro do Programa Aldeia da Praia &#8211; Fortaleza Cidade com Futuro, assinado em 2018.<\/p>\n\n\n\n<figure class=\"wp-block-image size-full\"><img loading=\"lazy\" decoding=\"async\" width=\"640\" height=\"408\" src=\"https:\/\/blogdorogeriogomes.com.br\/wp-content\/uploads\/2023\/01\/images-16.jpeg\" alt=\"\" class=\"wp-image-28159\" srcset=\"https:\/\/blogdorogeriogomes.com.br\/noticias\/wp-content\/uploads\/2023\/01\/images-16.jpeg 640w, https:\/\/blogdorogeriogomes.com.br\/noticias\/wp-content\/uploads\/2023\/01\/images-16-300x191.jpeg 300w\" sizes=\"auto, (max-width: 640px) 100vw, 640px\" \/><\/figure>\n","protected":false},"excerpt":{"rendered":"<p>O prefeito de Fortaleza, Jos\u00e9 Sarto (PDT), apresenta nesta ter\u00e7a-feira, dia 24 de janeiro, o projeto de urbaniza\u00e7\u00e3o e requalifica\u00e7\u00e3o da Praia de Iracema. As obras, a serem realizadas pela Secretaria Municipal da Infraestrutura (Seinf), v\u00e3o beneficiar a regi\u00e3o com o mesmo padr\u00e3o da nova avenida Beira-Mar, contemplando o trecho desde a avenida Rui Barbosa at\u00e9 o Po\u00e7o da Draga, nas proximidades da antiga Ponte Met\u00e1lica. O valor global da licita\u00e7\u00e3o \u00e9 de R$ 26 milh\u00f5es e 700 mil&hellip;<\/p>\n","protected":false},"author":1,"featured_media":28159,"comment_status":"open","ping_status":"open","sticky":false,"template":"","format":"standard","meta":{"footnotes":""},"categories":[1],"tags":[],"class_list":["post-28158","post","type-post","status-publish","format-standard","has-post-thumbnail","hentry","category-noticias"],"_links":{"self":[{"href":"https:\/\/blogdorogeriogomes.com.br\/noticias\/wp-json\/wp\/v2\/posts\/28158","targetHints":{"allow":["GET"]}}],"collection":[{"href":"https:\/\/blogdorogeriogomes.com.br\/noticias\/wp-json\/wp\/v2\/posts"}],"about":[{"href":"https:\/\/blogdorogeriogomes.com.br\/noticias\/wp-json\/wp\/v2\/types\/post"}],"author":[{"embeddable":true,"href":"https:\/\/blogdorogeriogomes.com.br\/noticias\/wp-json\/wp\/v2\/users\/1"}],"replies":[{"embeddable":true,"href":"https:\/\/blogdorogeriogomes.com.br\/noticias\/wp-json\/wp\/v2\/comments?post=28158"}],"version-history":[{"count":1,"href":"https:\/\/blogdorogeriogomes.com.br\/noticias\/wp-json\/wp\/v2\/posts\/28158\/revisions"}],"predecessor-version":[{"id":28160,"href":"https:\/\/blogdorogeriogomes.com.br\/noticias\/wp-json\/wp\/v2\/posts\/28158\/revisions\/28160"}],"wp:featuredmedia":[{"embeddable":true,"href":"https:\/\/blogdorogeriogomes.com.br\/noticias\/wp-json\/wp\/v2\/media\/28159"}],"wp:attachment":[{"href":"https:\/\/blogdorogeriogomes.com.br\/noticias\/wp-json\/wp\/v2\/media?parent=28158"}],"wp:term":[{"taxonomy":"category","embeddable":true,"href":"https:\/\/blogdorogeriogomes.com.br\/noticias\/wp-json\/wp\/v2\/categories?post=28158"},{"taxonomy":"post_tag","embeddable":true,"href":"https:\/\/blogdorogeriogomes.com.br\/noticias\/wp-json\/wp\/v2\/tags?post=28158"}],"curies":[{"name":"wp","href":"https:\/\/api.w.org\/{rel}","templated":true}]}}