{"id":28164,"date":"2023-01-24T09:54:52","date_gmt":"2023-01-24T09:54:52","guid":{"rendered":"https:\/\/blogdorogeriogomes.com.br\/?p=28164"},"modified":"2023-01-24T12:22:43","modified_gmt":"2023-01-24T12:22:43","slug":"stf-abre-inquerito-para-investigar-andre-fernandes-por-incitacao-aos-atos-terroristas-em-brasilia","status":"publish","type":"post","link":"https:\/\/blogdorogeriogomes.com.br\/noticias\/2023\/01\/stf-abre-inquerito-para-investigar-andre-fernandes-por-incitacao-aos-atos-terroristas-em-brasilia\/","title":{"rendered":"STF abre inqu\u00e9rito para investigar Andr\u00e9 Fernandes por incita\u00e7\u00e3o aos atos terroristas em Bras\u00edlia"},"content":{"rendered":"\n<p>Mais um cearense vira alvo de investiga\u00e7\u00e3o do STF por incita\u00e7\u00e3o a atos golpistas. O deputado federal eleito&nbsp;Andr\u00e9 Fernandes (PL), um dos principais apoiadores do ex-presidente Jair Bolsonaro no Cear\u00e1, tornou-se alvo de inqu\u00e9rito que investiga os atos terroristas registrados em&nbsp;Bras\u00edlia no \u00faltimo dia 8 de janeiro. <\/p>\n\n\n\n<p>A apura\u00e7\u00e3o foi determinada pelo ministro&nbsp;Alexandre de Moraes, do Supremo Tribunal Federal (STF), que atendeu ao pedido da Procuradoria-Geral da Rep\u00fablica (PGR).<\/p>\n\n\n\n<p>Al\u00e9m de Fernandes, outras duas parlamentares bolsonaristas Clarissa T\u00e9rcio (PP-PE) e Silvia Wai\u00e3pi (PL-AP) tamb\u00e9m ser\u00e3o investigados em outros inqu\u00e9ritos. Eles s\u00e3o suspeitos dos crimes de \u201cterrorismo, associa\u00e7\u00e3o criminosa, aboli\u00e7\u00e3o violenta do Estado Democr\u00e1tico de Direito, golpe de Estado, amea\u00e7a, persegui\u00e7\u00e3o e incita\u00e7\u00e3o ao crime\u201d.<\/p>\n\n\n\n<figure class=\"wp-block-image size-full\"><img loading=\"lazy\" decoding=\"async\" width=\"550\" height=\"308\" src=\"https:\/\/blogdorogeriogomes.com.br\/wp-content\/uploads\/2023\/01\/images-17.jpeg\" alt=\"\" class=\"wp-image-28165\" srcset=\"https:\/\/blogdorogeriogomes.com.br\/noticias\/wp-content\/uploads\/2023\/01\/images-17.jpeg 550w, https:\/\/blogdorogeriogomes.com.br\/noticias\/wp-content\/uploads\/2023\/01\/images-17-300x168.jpeg 300w\" sizes=\"auto, (max-width: 550px) 100vw, 550px\" \/><\/figure>\n","protected":false},"excerpt":{"rendered":"<p>Mais um cearense vira alvo de investiga\u00e7\u00e3o do STF por incita\u00e7\u00e3o a atos golpistas. O deputado federal eleito&nbsp;Andr\u00e9 Fernandes (PL), um dos principais apoiadores do ex-presidente Jair Bolsonaro no Cear\u00e1, tornou-se alvo de inqu\u00e9rito que investiga os atos terroristas registrados em&nbsp;Bras\u00edlia no \u00faltimo dia 8 de janeiro. A apura\u00e7\u00e3o foi determinada pelo ministro&nbsp;Alexandre de Moraes, do Supremo Tribunal Federal (STF), que atendeu ao pedido da Procuradoria-Geral da Rep\u00fablica (PGR). Al\u00e9m de Fernandes, outras duas parlamentares bolsonaristas Clarissa T\u00e9rcio (PP-PE)&hellip;<\/p>\n","protected":false},"author":1,"featured_media":28165,"comment_status":"open","ping_status":"open","sticky":false,"template":"","format":"standard","meta":{"footnotes":""},"categories":[1],"tags":[],"class_list":["post-28164","post","type-post","status-publish","format-standard","has-post-thumbnail","hentry","category-noticias"],"_links":{"self":[{"href":"https:\/\/blogdorogeriogomes.com.br\/noticias\/wp-json\/wp\/v2\/posts\/28164","targetHints":{"allow":["GET"]}}],"collection":[{"href":"https:\/\/blogdorogeriogomes.com.br\/noticias\/wp-json\/wp\/v2\/posts"}],"about":[{"href":"https:\/\/blogdorogeriogomes.com.br\/noticias\/wp-json\/wp\/v2\/types\/post"}],"author":[{"embeddable":true,"href":"https:\/\/blogdorogeriogomes.com.br\/noticias\/wp-json\/wp\/v2\/users\/1"}],"replies":[{"embeddable":true,"href":"https:\/\/blogdorogeriogomes.com.br\/noticias\/wp-json\/wp\/v2\/comments?post=28164"}],"version-history":[{"count":2,"href":"https:\/\/blogdorogeriogomes.com.br\/noticias\/wp-json\/wp\/v2\/posts\/28164\/revisions"}],"predecessor-version":[{"id":28175,"href":"https:\/\/blogdorogeriogomes.com.br\/noticias\/wp-json\/wp\/v2\/posts\/28164\/revisions\/28175"}],"wp:featuredmedia":[{"embeddable":true,"href":"https:\/\/blogdorogeriogomes.com.br\/noticias\/wp-json\/wp\/v2\/media\/28165"}],"wp:attachment":[{"href":"https:\/\/blogdorogeriogomes.com.br\/noticias\/wp-json\/wp\/v2\/media?parent=28164"}],"wp:term":[{"taxonomy":"category","embeddable":true,"href":"https:\/\/blogdorogeriogomes.com.br\/noticias\/wp-json\/wp\/v2\/categories?post=28164"},{"taxonomy":"post_tag","embeddable":true,"href":"https:\/\/blogdorogeriogomes.com.br\/noticias\/wp-json\/wp\/v2\/tags?post=28164"}],"curies":[{"name":"wp","href":"https:\/\/api.w.org\/{rel}","templated":true}]}}