{"id":28182,"date":"2023-01-24T20:28:12","date_gmt":"2023-01-24T20:28:12","guid":{"rendered":"https:\/\/blogdorogeriogomes.com.br\/?p=28182"},"modified":"2023-01-24T21:58:08","modified_gmt":"2023-01-24T21:58:08","slug":"governo-do-ceara-investe-mais-de-r-25-milhoes-para-fornecer-sementes-de-qualidade-no-hora-de-plantar","status":"publish","type":"post","link":"https:\/\/blogdorogeriogomes.com.br\/noticias\/2023\/01\/governo-do-ceara-investe-mais-de-r-25-milhoes-para-fornecer-sementes-de-qualidade-no-hora-de-plantar\/","title":{"rendered":"Governo do Cear\u00e1 investe mais de R$ 25 milh\u00f5es para fornecer sementes de qualidade no Hora de Plantar"},"content":{"rendered":"\n<p>Cerca de 152 mil agricultores beneficiados com o Projeto Hora de Plantar, lan\u00e7ado pelo Governo do Cear\u00e1 nesta ter\u00e7a-feira, dia 24 de janeiro, em Baturit\u00e9, na Regi\u00e3o do Maci\u00e7o. O governador Elmano de Freitas participou da solenidade, acompanhado de prefeitos, deputados estaduais e federais.<\/p>\n\n\n\n<p>O Hora de Plantar atender\u00e1 aos agricultores com sementes de milho h\u00edbrido (2 mil toneladas), milho variedade (500 toneladas) e sorgo forrageiro (180 toneladas), manivas (10 milh\u00f5es de unidades) e raquetes de palma forrageira (2,5 milh\u00f5es de unidades). O projeto inclui ainda a distribui\u00e7\u00e3o de mudas de cajueiro an\u00e3o (375 mil), aroeira (5 mil) e sabi\u00e1 (40 mil). <\/p>\n\n\n\n<p>O investimento foi superior a R$ 25 milh\u00f5es, com recursos do Fundo Estadual de Combate \u00e0 Pobreza (Fecop) e do Tesouro do Estado. A execu\u00e7\u00e3o e assist\u00eancia t\u00e9cnica do Hora de Plantar fica a cargo da Empresa de Assist\u00eancia T\u00e9cnica e Extens\u00e3o Rural do Cear\u00e1 (Ematerce), em parceria com as secretarias municipais de Agricultura.<\/p>\n\n\n\n<figure class=\"wp-block-image size-large\"><img loading=\"lazy\" decoding=\"async\" width=\"1024\" height=\"684\" src=\"https:\/\/blogdorogeriogomes.com.br\/wp-content\/uploads\/2023\/01\/CGM4131_1-1200x802-1-1024x684.jpg\" alt=\"\" class=\"wp-image-28183\" srcset=\"https:\/\/blogdorogeriogomes.com.br\/noticias\/wp-content\/uploads\/2023\/01\/CGM4131_1-1200x802-1-1024x684.jpg 1024w, https:\/\/blogdorogeriogomes.com.br\/noticias\/wp-content\/uploads\/2023\/01\/CGM4131_1-1200x802-1-300x201.jpg 300w, https:\/\/blogdorogeriogomes.com.br\/noticias\/wp-content\/uploads\/2023\/01\/CGM4131_1-1200x802-1-768x513.jpg 768w, https:\/\/blogdorogeriogomes.com.br\/noticias\/wp-content\/uploads\/2023\/01\/CGM4131_1-1200x802-1-800x535.jpg 800w, https:\/\/blogdorogeriogomes.com.br\/noticias\/wp-content\/uploads\/2023\/01\/CGM4131_1-1200x802-1.jpg 1200w\" sizes=\"auto, (max-width: 1024px) 100vw, 1024px\" \/><\/figure>\n","protected":false},"excerpt":{"rendered":"<p>Cerca de 152 mil agricultores beneficiados com o Projeto Hora de Plantar, lan\u00e7ado pelo Governo do Cear\u00e1 nesta ter\u00e7a-feira, dia 24 de janeiro, em Baturit\u00e9, na Regi\u00e3o do Maci\u00e7o. O governador Elmano de Freitas participou da solenidade, acompanhado de prefeitos, deputados estaduais e federais. O Hora de Plantar atender\u00e1 aos agricultores com sementes de milho h\u00edbrido (2 mil toneladas), milho variedade (500 toneladas) e sorgo forrageiro (180 toneladas), manivas (10 milh\u00f5es de unidades) e raquetes de palma forrageira (2,5&hellip;<\/p>\n","protected":false},"author":1,"featured_media":28183,"comment_status":"open","ping_status":"open","sticky":false,"template":"","format":"standard","meta":{"footnotes":""},"categories":[1],"tags":[],"class_list":["post-28182","post","type-post","status-publish","format-standard","has-post-thumbnail","hentry","category-noticias"],"_links":{"self":[{"href":"https:\/\/blogdorogeriogomes.com.br\/noticias\/wp-json\/wp\/v2\/posts\/28182","targetHints":{"allow":["GET"]}}],"collection":[{"href":"https:\/\/blogdorogeriogomes.com.br\/noticias\/wp-json\/wp\/v2\/posts"}],"about":[{"href":"https:\/\/blogdorogeriogomes.com.br\/noticias\/wp-json\/wp\/v2\/types\/post"}],"author":[{"embeddable":true,"href":"https:\/\/blogdorogeriogomes.com.br\/noticias\/wp-json\/wp\/v2\/users\/1"}],"replies":[{"embeddable":true,"href":"https:\/\/blogdorogeriogomes.com.br\/noticias\/wp-json\/wp\/v2\/comments?post=28182"}],"version-history":[{"count":1,"href":"https:\/\/blogdorogeriogomes.com.br\/noticias\/wp-json\/wp\/v2\/posts\/28182\/revisions"}],"predecessor-version":[{"id":28184,"href":"https:\/\/blogdorogeriogomes.com.br\/noticias\/wp-json\/wp\/v2\/posts\/28182\/revisions\/28184"}],"wp:featuredmedia":[{"embeddable":true,"href":"https:\/\/blogdorogeriogomes.com.br\/noticias\/wp-json\/wp\/v2\/media\/28183"}],"wp:attachment":[{"href":"https:\/\/blogdorogeriogomes.com.br\/noticias\/wp-json\/wp\/v2\/media?parent=28182"}],"wp:term":[{"taxonomy":"category","embeddable":true,"href":"https:\/\/blogdorogeriogomes.com.br\/noticias\/wp-json\/wp\/v2\/categories?post=28182"},{"taxonomy":"post_tag","embeddable":true,"href":"https:\/\/blogdorogeriogomes.com.br\/noticias\/wp-json\/wp\/v2\/tags?post=28182"}],"curies":[{"name":"wp","href":"https:\/\/api.w.org\/{rel}","templated":true}]}}