{"id":28185,"date":"2023-01-24T20:49:34","date_gmt":"2023-01-24T20:49:34","guid":{"rendered":"https:\/\/blogdorogeriogomes.com.br\/?p=28185"},"modified":"2023-01-24T20:49:35","modified_gmt":"2023-01-24T20:49:35","slug":"confira-a-programacao-do-pre-carnaval-2023-em-fortaleza-no-proximo-fim-de-semana","status":"publish","type":"post","link":"https:\/\/blogdorogeriogomes.com.br\/noticias\/2023\/01\/confira-a-programacao-do-pre-carnaval-2023-em-fortaleza-no-proximo-fim-de-semana\/","title":{"rendered":"Confira a programa\u00e7\u00e3o do Pr\u00e9-Carnaval 2023 em Fortaleza no pr\u00f3ximo fim de semana"},"content":{"rendered":"\n<p>Confira a programa\u00e7\u00e3o do Pr\u00e9-Carnaval 2023, realizado gratuitamente pela Prefeitura de Fortaleza, no pr\u00f3ximo fim de semana.<\/p>\n\n\n\n<p><strong>Pra\u00e7a do Ferreira<br><\/strong>Endere\u00e7o: Rua Floriano Peixoto (Centro)<\/p>\n\n\n\n<p>Data: 27\/01 (sexta-feira)<br>18h &#8211; Bloco do Prazer<br>20h &#8211; Luxo da Aldeia<\/p>\n\n\n\n<p>Data: 28\/01 (s\u00e1bado)<br>18h &#8211; Concentra mas n\u00e3o sai<br>20h &#8211; Samba Vadio<\/p>\n\n\n\n<p><strong>Aterrinho Praia de Iracema<br><\/strong>Cortejo saindo do antigo Boteco Praia at\u00e9 o Aterrinho da Praia de Iracema<\/p>\n\n\n\n<p>Data: 28\/01 (s\u00e1bado)<br>A partir das 16h<br>Unidos da Cachorra<br>Camale\u00f5es do Vila<br>Baqueta<br>Bonde Batuque + convidado<br>DJs Castilho Delgado<br>Piracema<br>Academia da Berlinda<\/p>\n\n\n\n<p><strong>Mercado dos Pinh\u00f5es<br><\/strong>Endere\u00e7o: Pra\u00e7a Visconde de Pelotas, s\/n (Centro)<\/p>\n\n\n\n<p>Data: 27\/01 (sexta-feira)<br>19h &#8211; DJs Patifaria<br>20h &#8211; Dujambu<\/p>\n\n\n\n<p>Data: 28\/01 (s\u00e1bado)<br>17h &#8211; Bloco Mambembe<br>19h &#8211; DJ Tome Batom Vermelho<br>20h30 &#8211; Iracema Bode Beat<\/p>\n\n\n\n<p><strong>Benfica<br><\/strong>Endere\u00e7o: Rua Jo\u00e3o Gentil &#8211; Benfica<\/p>\n\n\n\n<p>Data: 28\/01 (s\u00e1bado)<br>18h &#8211; Luiz da Viola<br>20h &#8211; Yane Caracas<\/p>\n\n\n\n<p>Data 29\/01 (domingo)<br>10h &#8211; Grupo DTF<br>11h &#8211; DJ Tome Batom Vermelho<br>12h &#8211; Alan Morais e os Doidos da Asa \/ Sanat\u00f3rio<br>14h30 &#8211; Transacionais<\/p>\n\n\n\n<p><strong>Mocinha<br><\/strong>Endere\u00e7o: Rua Padre Clim\u00e9rio, 140 &#8211; Meireles<\/p>\n\n\n\n<p>Data: 28\/01 (s\u00e1bado)<br>18h &#8211; Bloco Num Ispaia Sin\u00e3o Ienche<\/p>\n\n\n\n<p><strong>Barra do Cear\u00e1 (Marco Zero)<br><\/strong>Endere\u00e7o: Av. Radialista Jos\u00e9 Lima Verde<\/p>\n\n\n\n<p>Data: 28\/01 (s\u00e1bado)<br>16h &#8211; J\u00e9ssica Amora<br>18h &#8211; Jean Dumond<\/p>\n\n\n\n<p><strong>Raimundo dos Queijos<br><\/strong>Endere\u00e7o: pr\u00f3ximo \u00e0 Rua General Bezerril, 151 &#8211; Centro<\/p>\n\n\n\n<p>Data: 29\/01 (domingo)<br>10h &#8211; Roda de Bamba<br>12h &#8211; Cris Malagueta<br>14h &#8211; Nosso Samba<\/p>\n\n\n\n<p><strong>Parque Rachel de Queiroz<br><\/strong>Endere\u00e7o: Avenida Gov. Parsifal Barroso (Presidente Kennedy)<\/p>\n\n\n\n<p>Data: 28\/01 (s\u00e1bado)<br>17h &#8211; Tia Al\u00ea Alegria<br>19h &#8211; Diana Franco e Banda<\/p>\n\n\n\n<p><strong>Passeio P\u00fablico<br><\/strong>Endere\u00e7o: Rua Dr. Jo\u00e3o Moreira &#8211; Centro<\/p>\n\n\n\n<p>Data: 29\/01 (domingo)<br>9h &#8211; Pacote de Biscoito<\/p>\n","protected":false},"excerpt":{"rendered":"<p>Confira a programa\u00e7\u00e3o do Pr\u00e9-Carnaval 2023, realizado gratuitamente pela Prefeitura de Fortaleza, no pr\u00f3ximo fim de semana. Pra\u00e7a do FerreiraEndere\u00e7o: Rua Floriano Peixoto (Centro) Data: 27\/01 (sexta-feira)18h &#8211; Bloco do Prazer20h &#8211; Luxo da Aldeia Data: 28\/01 (s\u00e1bado)18h &#8211; Concentra mas n\u00e3o sai20h &#8211; Samba Vadio Aterrinho Praia de IracemaCortejo saindo do antigo Boteco Praia at\u00e9 o Aterrinho da Praia de Iracema Data: 28\/01 (s\u00e1bado)A partir das 16hUnidos da CachorraCamale\u00f5es do VilaBaquetaBonde Batuque + convidadoDJs Castilho DelgadoPiracemaAcademia da Berlinda&hellip;<\/p>\n","protected":false},"author":1,"featured_media":0,"comment_status":"open","ping_status":"open","sticky":false,"template":"","format":"standard","meta":{"footnotes":""},"categories":[1],"tags":[],"class_list":["post-28185","post","type-post","status-publish","format-standard","hentry","category-noticias"],"_links":{"self":[{"href":"https:\/\/blogdorogeriogomes.com.br\/noticias\/wp-json\/wp\/v2\/posts\/28185","targetHints":{"allow":["GET"]}}],"collection":[{"href":"https:\/\/blogdorogeriogomes.com.br\/noticias\/wp-json\/wp\/v2\/posts"}],"about":[{"href":"https:\/\/blogdorogeriogomes.com.br\/noticias\/wp-json\/wp\/v2\/types\/post"}],"author":[{"embeddable":true,"href":"https:\/\/blogdorogeriogomes.com.br\/noticias\/wp-json\/wp\/v2\/users\/1"}],"replies":[{"embeddable":true,"href":"https:\/\/blogdorogeriogomes.com.br\/noticias\/wp-json\/wp\/v2\/comments?post=28185"}],"version-history":[{"count":1,"href":"https:\/\/blogdorogeriogomes.com.br\/noticias\/wp-json\/wp\/v2\/posts\/28185\/revisions"}],"predecessor-version":[{"id":28186,"href":"https:\/\/blogdorogeriogomes.com.br\/noticias\/wp-json\/wp\/v2\/posts\/28185\/revisions\/28186"}],"wp:attachment":[{"href":"https:\/\/blogdorogeriogomes.com.br\/noticias\/wp-json\/wp\/v2\/media?parent=28185"}],"wp:term":[{"taxonomy":"category","embeddable":true,"href":"https:\/\/blogdorogeriogomes.com.br\/noticias\/wp-json\/wp\/v2\/categories?post=28185"},{"taxonomy":"post_tag","embeddable":true,"href":"https:\/\/blogdorogeriogomes.com.br\/noticias\/wp-json\/wp\/v2\/tags?post=28185"}],"curies":[{"name":"wp","href":"https:\/\/api.w.org\/{rel}","templated":true}]}}