{"id":28189,"date":"2023-01-25T11:12:30","date_gmt":"2023-01-25T11:12:30","guid":{"rendered":"https:\/\/blogdorogeriogomes.com.br\/?p=28189"},"modified":"2023-01-25T21:10:29","modified_gmt":"2023-01-25T21:10:29","slug":"prefeito-de-chorozinho-junior-castro-toma-posse-para-mais-um-mandato-a-frente-da-aprece","status":"publish","type":"post","link":"https:\/\/blogdorogeriogomes.com.br\/noticias\/2023\/01\/prefeito-de-chorozinho-junior-castro-toma-posse-para-mais-um-mandato-a-frente-da-aprece\/","title":{"rendered":"Prefeito de Chorozinho, J\u00fanior Castro, toma posse para mais um mandato \u00e0 frente da Aprece"},"content":{"rendered":"\n<p>O prefeito de Chorozinho, J\u00fanior Castro, tomou posse nesta ter\u00e7a-feira, dia 24 de janeiro, para mais um mandato como presidente da Associa\u00e7\u00e3o dos Munic\u00edpios do Estado do Cear\u00e1 (Aprece). Na oportunidade, tomou posse tamb\u00e9m a presidenta da Associa\u00e7\u00e3o para o Desenvolvimento dos Munic\u00edpios do Cear\u00e1, Tamara Bezerra, primeira-dama de Piquet Carneiro, e o presidente da Associa\u00e7\u00e3o dos Munic\u00edpios do Maci\u00e7o de Baturit\u00e9, Joerly Victor, prefeito de Aratuba. &#8220;Os prefeitos e prefeitas s\u00e3o parceiros para construir projetos e promover pol\u00edticas p\u00fablicas que v\u00e3o melhorar a vida do nosso povo. Fazer muito \u00e9 fazer junto!&#8221;, disse o governador Elmano de Freitas (PT), presente \u00e0 solenidade.<\/p>\n\n\n\n<p>O presidente da Assembleia Legislativa, Evandro Leit\u00e3o (PDT), e o prefeito de Fortaleza, Jos\u00e9 Sarto (PDT), tamb\u00e9m participaram da solenidade de posse. &#8220;Desejo a esse grande amigo e lideran\u00e7a, e \u00e0 diretoria empossada, muito sucesso nas realiza\u00e7\u00f5es em defesa dos munic\u00edpios cearenses. Avante com o trabalho e sua dedica\u00e7\u00e3o aos cearenses&#8221;, destacou Evandro Leit\u00e3o. <\/p>\n\n\n\n<figure class=\"wp-block-image size-large\"><img loading=\"lazy\" decoding=\"async\" width=\"1024\" height=\"738\" src=\"https:\/\/blogdorogeriogomes.com.br\/wp-content\/uploads\/2023\/01\/IMG-20230125-WA0026-1024x738.jpg\" alt=\"\" class=\"wp-image-28190\" srcset=\"https:\/\/blogdorogeriogomes.com.br\/noticias\/wp-content\/uploads\/2023\/01\/IMG-20230125-WA0026-1024x738.jpg 1024w, https:\/\/blogdorogeriogomes.com.br\/noticias\/wp-content\/uploads\/2023\/01\/IMG-20230125-WA0026-300x216.jpg 300w, https:\/\/blogdorogeriogomes.com.br\/noticias\/wp-content\/uploads\/2023\/01\/IMG-20230125-WA0026-768x553.jpg 768w, https:\/\/blogdorogeriogomes.com.br\/noticias\/wp-content\/uploads\/2023\/01\/IMG-20230125-WA0026-800x576.jpg 800w, https:\/\/blogdorogeriogomes.com.br\/noticias\/wp-content\/uploads\/2023\/01\/IMG-20230125-WA0026.jpg 1080w\" sizes=\"auto, (max-width: 1024px) 100vw, 1024px\" \/><\/figure>\n\n\n\n<p><\/p>\n","protected":false},"excerpt":{"rendered":"<p>O prefeito de Chorozinho, J\u00fanior Castro, tomou posse nesta ter\u00e7a-feira, dia 24 de janeiro, para mais um mandato como presidente da Associa\u00e7\u00e3o dos Munic\u00edpios do Estado do Cear\u00e1 (Aprece). Na oportunidade, tomou posse tamb\u00e9m a presidenta da Associa\u00e7\u00e3o para o Desenvolvimento dos Munic\u00edpios do Cear\u00e1, Tamara Bezerra, primeira-dama de Piquet Carneiro, e o presidente da Associa\u00e7\u00e3o dos Munic\u00edpios do Maci\u00e7o de Baturit\u00e9, Joerly Victor, prefeito de Aratuba. &#8220;Os prefeitos e prefeitas s\u00e3o parceiros para construir projetos e promover pol\u00edticas&hellip;<\/p>\n","protected":false},"author":1,"featured_media":28190,"comment_status":"open","ping_status":"open","sticky":false,"template":"","format":"standard","meta":{"footnotes":""},"categories":[1],"tags":[],"class_list":["post-28189","post","type-post","status-publish","format-standard","has-post-thumbnail","hentry","category-noticias"],"_links":{"self":[{"href":"https:\/\/blogdorogeriogomes.com.br\/noticias\/wp-json\/wp\/v2\/posts\/28189","targetHints":{"allow":["GET"]}}],"collection":[{"href":"https:\/\/blogdorogeriogomes.com.br\/noticias\/wp-json\/wp\/v2\/posts"}],"about":[{"href":"https:\/\/blogdorogeriogomes.com.br\/noticias\/wp-json\/wp\/v2\/types\/post"}],"author":[{"embeddable":true,"href":"https:\/\/blogdorogeriogomes.com.br\/noticias\/wp-json\/wp\/v2\/users\/1"}],"replies":[{"embeddable":true,"href":"https:\/\/blogdorogeriogomes.com.br\/noticias\/wp-json\/wp\/v2\/comments?post=28189"}],"version-history":[{"count":1,"href":"https:\/\/blogdorogeriogomes.com.br\/noticias\/wp-json\/wp\/v2\/posts\/28189\/revisions"}],"predecessor-version":[{"id":28191,"href":"https:\/\/blogdorogeriogomes.com.br\/noticias\/wp-json\/wp\/v2\/posts\/28189\/revisions\/28191"}],"wp:featuredmedia":[{"embeddable":true,"href":"https:\/\/blogdorogeriogomes.com.br\/noticias\/wp-json\/wp\/v2\/media\/28190"}],"wp:attachment":[{"href":"https:\/\/blogdorogeriogomes.com.br\/noticias\/wp-json\/wp\/v2\/media?parent=28189"}],"wp:term":[{"taxonomy":"category","embeddable":true,"href":"https:\/\/blogdorogeriogomes.com.br\/noticias\/wp-json\/wp\/v2\/categories?post=28189"},{"taxonomy":"post_tag","embeddable":true,"href":"https:\/\/blogdorogeriogomes.com.br\/noticias\/wp-json\/wp\/v2\/tags?post=28189"}],"curies":[{"name":"wp","href":"https:\/\/api.w.org\/{rel}","templated":true}]}}