{"id":28192,"date":"2023-01-25T11:32:16","date_gmt":"2023-01-25T11:32:16","guid":{"rendered":"https:\/\/blogdorogeriogomes.com.br\/?p=28192"},"modified":"2023-01-25T21:10:17","modified_gmt":"2023-01-25T21:10:17","slug":"elmano-de-freitas-define-obras-prioritarias-no-ceara-para-apresentar-a-lula-nesta-sexta-feira-em-brasilia","status":"publish","type":"post","link":"https:\/\/blogdorogeriogomes.com.br\/noticias\/2023\/01\/elmano-de-freitas-define-obras-prioritarias-no-ceara-para-apresentar-a-lula-nesta-sexta-feira-em-brasilia\/","title":{"rendered":"Elmano de Freitas define obras priorit\u00e1rias no Cear\u00e1 para apresentar a Lula nesta sexta-feira em Bras\u00edlia"},"content":{"rendered":"\n<p>O presidente Lula recebe os 27 governadores, nesta sexta-feira, dia 27 de janeiro, em Bras\u00edlia, para conhecer as obras priorit\u00e1rias nos estados, a fim de que o Governo Federal defina um calend\u00e1rio de a\u00e7\u00f5es para o primeiro ano de gest\u00e3o.<\/p>\n\n\n\n<p>O governador do Cear\u00e1, Elmano de Freitas, j\u00e1 definiu as interven\u00e7\u00f5es priorit\u00e1rias no Estado, que devem contar com o apoio federal. Elmano quer o apoio de Lula para duplica\u00e7\u00e3o do&nbsp;Eix\u00e3o das \u00c1guas, que distribui os recursos h\u00eddricos em v\u00e1rias regi\u00f5es, e a amplia\u00e7\u00e3o e constru\u00e7\u00e3o de&nbsp;hospitais estaduais. O governador quer aumentar a capacidade de atendimento no interior, inclusive com o apoio do Minist\u00e9rio da Sa\u00fade.<\/p>\n\n\n\n<p>Tamb\u00e9m est\u00e1 nos planos de Elmano de Freitas construir uma rodovia duplicada ligando o Norte ao Sul do Cear\u00e1. O governador cearense acredita que \u00e9 preciso aumentar a oferta de boas rodovias para escoar a produ\u00e7\u00e3o internamente. &#8220;Queremos ligar &nbsp;o Cear\u00e1 de ponta a ponta&#8221;, disse.<\/p>\n\n\n\n<figure class=\"wp-block-image size-large\"><img loading=\"lazy\" decoding=\"async\" width=\"1024\" height=\"687\" src=\"https:\/\/blogdorogeriogomes.com.br\/wp-content\/uploads\/2023\/01\/IMG-20230125-WA0025-1024x687.jpg\" alt=\"\" class=\"wp-image-28193\" srcset=\"https:\/\/blogdorogeriogomes.com.br\/noticias\/wp-content\/uploads\/2023\/01\/IMG-20230125-WA0025-1024x687.jpg 1024w, https:\/\/blogdorogeriogomes.com.br\/noticias\/wp-content\/uploads\/2023\/01\/IMG-20230125-WA0025-300x201.jpg 300w, https:\/\/blogdorogeriogomes.com.br\/noticias\/wp-content\/uploads\/2023\/01\/IMG-20230125-WA0025-768x516.jpg 768w, https:\/\/blogdorogeriogomes.com.br\/noticias\/wp-content\/uploads\/2023\/01\/IMG-20230125-WA0025-800x537.jpg 800w, https:\/\/blogdorogeriogomes.com.br\/noticias\/wp-content\/uploads\/2023\/01\/IMG-20230125-WA0025.jpg 1080w\" sizes=\"auto, (max-width: 1024px) 100vw, 1024px\" \/><\/figure>\n","protected":false},"excerpt":{"rendered":"<p>O presidente Lula recebe os 27 governadores, nesta sexta-feira, dia 27 de janeiro, em Bras\u00edlia, para conhecer as obras priorit\u00e1rias nos estados, a fim de que o Governo Federal defina um calend\u00e1rio de a\u00e7\u00f5es para o primeiro ano de gest\u00e3o. O governador do Cear\u00e1, Elmano de Freitas, j\u00e1 definiu as interven\u00e7\u00f5es priorit\u00e1rias no Estado, que devem contar com o apoio federal. Elmano quer o apoio de Lula para duplica\u00e7\u00e3o do&nbsp;Eix\u00e3o das \u00c1guas, que distribui os recursos h\u00eddricos em v\u00e1rias&hellip;<\/p>\n","protected":false},"author":1,"featured_media":28193,"comment_status":"open","ping_status":"open","sticky":false,"template":"","format":"standard","meta":{"footnotes":""},"categories":[1],"tags":[],"class_list":["post-28192","post","type-post","status-publish","format-standard","has-post-thumbnail","hentry","category-noticias"],"_links":{"self":[{"href":"https:\/\/blogdorogeriogomes.com.br\/noticias\/wp-json\/wp\/v2\/posts\/28192","targetHints":{"allow":["GET"]}}],"collection":[{"href":"https:\/\/blogdorogeriogomes.com.br\/noticias\/wp-json\/wp\/v2\/posts"}],"about":[{"href":"https:\/\/blogdorogeriogomes.com.br\/noticias\/wp-json\/wp\/v2\/types\/post"}],"author":[{"embeddable":true,"href":"https:\/\/blogdorogeriogomes.com.br\/noticias\/wp-json\/wp\/v2\/users\/1"}],"replies":[{"embeddable":true,"href":"https:\/\/blogdorogeriogomes.com.br\/noticias\/wp-json\/wp\/v2\/comments?post=28192"}],"version-history":[{"count":2,"href":"https:\/\/blogdorogeriogomes.com.br\/noticias\/wp-json\/wp\/v2\/posts\/28192\/revisions"}],"predecessor-version":[{"id":28195,"href":"https:\/\/blogdorogeriogomes.com.br\/noticias\/wp-json\/wp\/v2\/posts\/28192\/revisions\/28195"}],"wp:featuredmedia":[{"embeddable":true,"href":"https:\/\/blogdorogeriogomes.com.br\/noticias\/wp-json\/wp\/v2\/media\/28193"}],"wp:attachment":[{"href":"https:\/\/blogdorogeriogomes.com.br\/noticias\/wp-json\/wp\/v2\/media?parent=28192"}],"wp:term":[{"taxonomy":"category","embeddable":true,"href":"https:\/\/blogdorogeriogomes.com.br\/noticias\/wp-json\/wp\/v2\/categories?post=28192"},{"taxonomy":"post_tag","embeddable":true,"href":"https:\/\/blogdorogeriogomes.com.br\/noticias\/wp-json\/wp\/v2\/tags?post=28192"}],"curies":[{"name":"wp","href":"https:\/\/api.w.org\/{rel}","templated":true}]}}