{"id":28196,"date":"2023-01-25T21:18:28","date_gmt":"2023-01-25T21:18:28","guid":{"rendered":"https:\/\/blogdorogeriogomes.com.br\/?p=28196"},"modified":"2023-01-26T18:01:48","modified_gmt":"2023-01-26T18:01:48","slug":"vereadores-de-fortaleza-aprovam-isencoes-da-taxa-de-lixo-na-capital","status":"publish","type":"post","link":"https:\/\/blogdorogeriogomes.com.br\/noticias\/2023\/01\/vereadores-de-fortaleza-aprovam-isencoes-da-taxa-de-lixo-na-capital\/","title":{"rendered":"Vereadores de Fortaleza aprovam isen\u00e7\u00f5es da taxa de lixo na Capital"},"content":{"rendered":"\n<p>A C\u00e2mara Municipal de Fortaleza aprovou, nesta quarta-feira, dia 25 de janeiro, as isen\u00e7\u00f5es da taxa do lixo na Capital cearense a 70% dos fortalezenses. A vota\u00e7\u00e3o do projeto das isen\u00e7\u00f5es recebeu o voto de 39 vereadores. Outros quatro parlamentares n\u00e3o votaram: Danilo Lopes (Avante), Ana Paula Brand\u00e3o (PDT), Julio Brizzi (PDT) e L\u00e9o Couto (PSB).<\/p>\n\n\n\n<p>Os vereadores tamb\u00e9m aprovaram a \u00fanica emenda ao texto original, que trata sobre dispensa de pagamento por parte de templos religiosos.<\/p>\n\n\n\n<p>Vereadores de oposi\u00e7\u00e3o reclamaram da reda\u00e7\u00e3o final do projeto. Ap\u00f3s anunciar sindic\u00e2ncia para investigar erro no texto da lei da taxa do lixo, o presidente da C\u00e2mara Municipal de Fortaleza,&nbsp;Gardel Rolim (PDT), comunicou em nota que &#8220;houve um erro de digita\u00e7\u00e3o na reda\u00e7\u00e3o do projeto de n\u00famero 437\/22, que causou uma diverg\u00eancia textual no documento que foi encaminhado pela Casa Legislativa \u00e0 Prefeitura Municipal&#8221;. Mas que o caso ser\u00e1 apurado e n\u00e3o haver\u00e1 preju\u00edzo ao que foi decidido pelo Legislativo Municipal.<\/p>\n\n\n\n<figure class=\"wp-block-image size-full\"><img loading=\"lazy\" decoding=\"async\" width=\"799\" height=\"449\" src=\"https:\/\/blogdorogeriogomes.com.br\/wp-content\/uploads\/2023\/01\/52648789080_5767cd164c_c.jpg\" alt=\"\" class=\"wp-image-28197\" srcset=\"https:\/\/blogdorogeriogomes.com.br\/noticias\/wp-content\/uploads\/2023\/01\/52648789080_5767cd164c_c.jpg 799w, https:\/\/blogdorogeriogomes.com.br\/noticias\/wp-content\/uploads\/2023\/01\/52648789080_5767cd164c_c-300x169.jpg 300w, https:\/\/blogdorogeriogomes.com.br\/noticias\/wp-content\/uploads\/2023\/01\/52648789080_5767cd164c_c-768x432.jpg 768w\" sizes=\"auto, (max-width: 799px) 100vw, 799px\" \/><\/figure>\n","protected":false},"excerpt":{"rendered":"<p>A C\u00e2mara Municipal de Fortaleza aprovou, nesta quarta-feira, dia 25 de janeiro, as isen\u00e7\u00f5es da taxa do lixo na Capital cearense a 70% dos fortalezenses. A vota\u00e7\u00e3o do projeto das isen\u00e7\u00f5es recebeu o voto de 39 vereadores. Outros quatro parlamentares n\u00e3o votaram: Danilo Lopes (Avante), Ana Paula Brand\u00e3o (PDT), Julio Brizzi (PDT) e L\u00e9o Couto (PSB). Os vereadores tamb\u00e9m aprovaram a \u00fanica emenda ao texto original, que trata sobre dispensa de pagamento por parte de templos religiosos. Vereadores de&hellip;<\/p>\n","protected":false},"author":1,"featured_media":28197,"comment_status":"open","ping_status":"open","sticky":false,"template":"","format":"standard","meta":{"footnotes":""},"categories":[1],"tags":[],"class_list":["post-28196","post","type-post","status-publish","format-standard","has-post-thumbnail","hentry","category-noticias"],"_links":{"self":[{"href":"https:\/\/blogdorogeriogomes.com.br\/noticias\/wp-json\/wp\/v2\/posts\/28196","targetHints":{"allow":["GET"]}}],"collection":[{"href":"https:\/\/blogdorogeriogomes.com.br\/noticias\/wp-json\/wp\/v2\/posts"}],"about":[{"href":"https:\/\/blogdorogeriogomes.com.br\/noticias\/wp-json\/wp\/v2\/types\/post"}],"author":[{"embeddable":true,"href":"https:\/\/blogdorogeriogomes.com.br\/noticias\/wp-json\/wp\/v2\/users\/1"}],"replies":[{"embeddable":true,"href":"https:\/\/blogdorogeriogomes.com.br\/noticias\/wp-json\/wp\/v2\/comments?post=28196"}],"version-history":[{"count":2,"href":"https:\/\/blogdorogeriogomes.com.br\/noticias\/wp-json\/wp\/v2\/posts\/28196\/revisions"}],"predecessor-version":[{"id":28199,"href":"https:\/\/blogdorogeriogomes.com.br\/noticias\/wp-json\/wp\/v2\/posts\/28196\/revisions\/28199"}],"wp:featuredmedia":[{"embeddable":true,"href":"https:\/\/blogdorogeriogomes.com.br\/noticias\/wp-json\/wp\/v2\/media\/28197"}],"wp:attachment":[{"href":"https:\/\/blogdorogeriogomes.com.br\/noticias\/wp-json\/wp\/v2\/media?parent=28196"}],"wp:term":[{"taxonomy":"category","embeddable":true,"href":"https:\/\/blogdorogeriogomes.com.br\/noticias\/wp-json\/wp\/v2\/categories?post=28196"},{"taxonomy":"post_tag","embeddable":true,"href":"https:\/\/blogdorogeriogomes.com.br\/noticias\/wp-json\/wp\/v2\/tags?post=28196"}],"curies":[{"name":"wp","href":"https:\/\/api.w.org\/{rel}","templated":true}]}}