{"id":28200,"date":"2023-01-25T21:36:57","date_gmt":"2023-01-25T21:36:57","guid":{"rendered":"https:\/\/blogdorogeriogomes.com.br\/?p=28200"},"modified":"2023-01-26T18:01:41","modified_gmt":"2023-01-26T18:01:41","slug":"prefeitura-empossa-1-822-novos-professores-da-rede-municipal-de-fortaleza","status":"publish","type":"post","link":"https:\/\/blogdorogeriogomes.com.br\/noticias\/2023\/01\/prefeitura-empossa-1-822-novos-professores-da-rede-municipal-de-fortaleza\/","title":{"rendered":"Prefeitura empossa 1.822 novos professores da rede municipal de Fortaleza"},"content":{"rendered":"\n<p>A Prefeitura de Fortaleza empossou, nesta quarta-feira, dia 25 de janeiro, no Centro de Eventos do Cear\u00e1, os 1.822 novos professores da Rede Municipal de Ensino. Os professores foram aprovados em concurso p\u00fablico para pedagogo e \u00e1reas espec\u00edficas, o maior realizado nos \u00faltimos anos para a \u00e1rea da Educa\u00e7\u00e3o, que ofertou 2.000 vagas e contou com mais de 31 mil candidatos inscritos.<br>Os docentes ser\u00e3o lotados nos Centros de Educa\u00e7\u00e3o Infantil, escolas de tempo parcial e de tempo integral, e iniciam as atividades em sala de aula j\u00e1 nesta sexta-feira, data que marca o in\u00edcio do ano letivo 2023.<\/p>\n\n\n\n<figure class=\"wp-block-image size-full\"><img loading=\"lazy\" decoding=\"async\" width=\"679\" height=\"452\" src=\"https:\/\/blogdorogeriogomes.com.br\/wp-content\/uploads\/2023\/01\/images-18.jpeg\" alt=\"\" class=\"wp-image-28201\" srcset=\"https:\/\/blogdorogeriogomes.com.br\/noticias\/wp-content\/uploads\/2023\/01\/images-18.jpeg 679w, https:\/\/blogdorogeriogomes.com.br\/noticias\/wp-content\/uploads\/2023\/01\/images-18-300x200.jpeg 300w\" sizes=\"auto, (max-width: 679px) 100vw, 679px\" \/><\/figure>\n\n\n\n<p><\/p>\n","protected":false},"excerpt":{"rendered":"<p>A Prefeitura de Fortaleza empossou, nesta quarta-feira, dia 25 de janeiro, no Centro de Eventos do Cear\u00e1, os 1.822 novos professores da Rede Municipal de Ensino. Os professores foram aprovados em concurso p\u00fablico para pedagogo e \u00e1reas espec\u00edficas, o maior realizado nos \u00faltimos anos para a \u00e1rea da Educa\u00e7\u00e3o, que ofertou 2.000 vagas e contou com mais de 31 mil candidatos inscritos.Os docentes ser\u00e3o lotados nos Centros de Educa\u00e7\u00e3o Infantil, escolas de tempo parcial e de tempo integral, e&hellip;<\/p>\n","protected":false},"author":1,"featured_media":28201,"comment_status":"open","ping_status":"open","sticky":false,"template":"","format":"standard","meta":{"footnotes":""},"categories":[1],"tags":[],"class_list":["post-28200","post","type-post","status-publish","format-standard","has-post-thumbnail","hentry","category-noticias"],"_links":{"self":[{"href":"https:\/\/blogdorogeriogomes.com.br\/noticias\/wp-json\/wp\/v2\/posts\/28200","targetHints":{"allow":["GET"]}}],"collection":[{"href":"https:\/\/blogdorogeriogomes.com.br\/noticias\/wp-json\/wp\/v2\/posts"}],"about":[{"href":"https:\/\/blogdorogeriogomes.com.br\/noticias\/wp-json\/wp\/v2\/types\/post"}],"author":[{"embeddable":true,"href":"https:\/\/blogdorogeriogomes.com.br\/noticias\/wp-json\/wp\/v2\/users\/1"}],"replies":[{"embeddable":true,"href":"https:\/\/blogdorogeriogomes.com.br\/noticias\/wp-json\/wp\/v2\/comments?post=28200"}],"version-history":[{"count":1,"href":"https:\/\/blogdorogeriogomes.com.br\/noticias\/wp-json\/wp\/v2\/posts\/28200\/revisions"}],"predecessor-version":[{"id":28202,"href":"https:\/\/blogdorogeriogomes.com.br\/noticias\/wp-json\/wp\/v2\/posts\/28200\/revisions\/28202"}],"wp:featuredmedia":[{"embeddable":true,"href":"https:\/\/blogdorogeriogomes.com.br\/noticias\/wp-json\/wp\/v2\/media\/28201"}],"wp:attachment":[{"href":"https:\/\/blogdorogeriogomes.com.br\/noticias\/wp-json\/wp\/v2\/media?parent=28200"}],"wp:term":[{"taxonomy":"category","embeddable":true,"href":"https:\/\/blogdorogeriogomes.com.br\/noticias\/wp-json\/wp\/v2\/categories?post=28200"},{"taxonomy":"post_tag","embeddable":true,"href":"https:\/\/blogdorogeriogomes.com.br\/noticias\/wp-json\/wp\/v2\/tags?post=28200"}],"curies":[{"name":"wp","href":"https:\/\/api.w.org\/{rel}","templated":true}]}}