{"id":28206,"date":"2023-01-26T13:35:05","date_gmt":"2023-01-26T13:35:05","guid":{"rendered":"https:\/\/blogdorogeriogomes.com.br\/?p=28206"},"modified":"2023-01-26T18:01:25","modified_gmt":"2023-01-26T18:01:25","slug":"posse-de-deputados-estaduais-e-eleicao-da-nova-mesa-diretora-da-al-serao-no-proximo-dia-1-de-fevereiro","status":"publish","type":"post","link":"https:\/\/blogdorogeriogomes.com.br\/noticias\/2023\/01\/posse-de-deputados-estaduais-e-eleicao-da-nova-mesa-diretora-da-al-serao-no-proximo-dia-1-de-fevereiro\/","title":{"rendered":"Posse de deputados estaduais e elei\u00e7\u00e3o da nova Mesa Diretora da AL ser\u00e3o no pr\u00f3ximo dia 1\u00b0 de fevereiro"},"content":{"rendered":"\n<p>As atividades de 2023 na Assembleia Legislativa do Cear\u00e1 ter\u00e3o in\u00edcio na pr\u00f3xima quarta-feira, dia 1\u00b0 de fevereiro, quando acontece a posse dos deputados estaduais e vota\u00e7\u00e3o para a composi\u00e7\u00e3o da nova Mesa Diretora. O atual presidente Evandro Leit\u00e3o (PDT) \u00e9 candidato \u00e0 reelei\u00e7\u00e3o.<\/p>\n\n\n\n<p>Na quinta-feira, dia 2 de fevereiro, no Plen\u00e1rio 13 de Maio, ser\u00e1 realizada a sess\u00e3o solene de instala\u00e7\u00e3o da legislatura. Na ocasi\u00e3o, o governador Elmano de Freitas (PT) far\u00e1 a leitura da mensagem governamental.<\/p>\n\n\n\n<p>Nesta quarta-feira , dia 25 de janeiro, deputados estaduais eleitos em outubro passado participaram de uma cerim\u00f4nia de boas vindas com a presen\u00e7a do presidente Evandro Leit\u00e3o. Oportunidade de conhecer as instala\u00e7\u00f5es da Assembleia Legislativa e seus diversos setores.<\/p>\n\n\n\n<figure class=\"wp-block-image size-large\"><img loading=\"lazy\" decoding=\"async\" width=\"1024\" height=\"681\" src=\"https:\/\/blogdorogeriogomes.com.br\/wp-content\/uploads\/2023\/01\/IMG-20230125-WA0119-1024x681.jpg\" alt=\"\" class=\"wp-image-28207\" srcset=\"https:\/\/blogdorogeriogomes.com.br\/noticias\/wp-content\/uploads\/2023\/01\/IMG-20230125-WA0119-1024x681.jpg 1024w, https:\/\/blogdorogeriogomes.com.br\/noticias\/wp-content\/uploads\/2023\/01\/IMG-20230125-WA0119-300x200.jpg 300w, https:\/\/blogdorogeriogomes.com.br\/noticias\/wp-content\/uploads\/2023\/01\/IMG-20230125-WA0119-768x511.jpg 768w, https:\/\/blogdorogeriogomes.com.br\/noticias\/wp-content\/uploads\/2023\/01\/IMG-20230125-WA0119-1536x1021.jpg 1536w, https:\/\/blogdorogeriogomes.com.br\/noticias\/wp-content\/uploads\/2023\/01\/IMG-20230125-WA0119-800x532.jpg 800w, https:\/\/blogdorogeriogomes.com.br\/noticias\/wp-content\/uploads\/2023\/01\/IMG-20230125-WA0119.jpg 1600w\" sizes=\"auto, (max-width: 1024px) 100vw, 1024px\" \/><\/figure>\n\n\n\n<p><\/p>\n\n\n\n<p><\/p>\n\n\n\n<p><\/p>\n\n\n\n<p><\/p>\n","protected":false},"excerpt":{"rendered":"<p>As atividades de 2023 na Assembleia Legislativa do Cear\u00e1 ter\u00e3o in\u00edcio na pr\u00f3xima quarta-feira, dia 1\u00b0 de fevereiro, quando acontece a posse dos deputados estaduais e vota\u00e7\u00e3o para a composi\u00e7\u00e3o da nova Mesa Diretora. O atual presidente Evandro Leit\u00e3o (PDT) \u00e9 candidato \u00e0 reelei\u00e7\u00e3o. Na quinta-feira, dia 2 de fevereiro, no Plen\u00e1rio 13 de Maio, ser\u00e1 realizada a sess\u00e3o solene de instala\u00e7\u00e3o da legislatura. Na ocasi\u00e3o, o governador Elmano de Freitas (PT) far\u00e1 a leitura da mensagem governamental. Nesta&hellip;<\/p>\n","protected":false},"author":1,"featured_media":28207,"comment_status":"open","ping_status":"open","sticky":false,"template":"","format":"standard","meta":{"footnotes":""},"categories":[1],"tags":[],"class_list":["post-28206","post","type-post","status-publish","format-standard","has-post-thumbnail","hentry","category-noticias"],"_links":{"self":[{"href":"https:\/\/blogdorogeriogomes.com.br\/noticias\/wp-json\/wp\/v2\/posts\/28206","targetHints":{"allow":["GET"]}}],"collection":[{"href":"https:\/\/blogdorogeriogomes.com.br\/noticias\/wp-json\/wp\/v2\/posts"}],"about":[{"href":"https:\/\/blogdorogeriogomes.com.br\/noticias\/wp-json\/wp\/v2\/types\/post"}],"author":[{"embeddable":true,"href":"https:\/\/blogdorogeriogomes.com.br\/noticias\/wp-json\/wp\/v2\/users\/1"}],"replies":[{"embeddable":true,"href":"https:\/\/blogdorogeriogomes.com.br\/noticias\/wp-json\/wp\/v2\/comments?post=28206"}],"version-history":[{"count":1,"href":"https:\/\/blogdorogeriogomes.com.br\/noticias\/wp-json\/wp\/v2\/posts\/28206\/revisions"}],"predecessor-version":[{"id":28208,"href":"https:\/\/blogdorogeriogomes.com.br\/noticias\/wp-json\/wp\/v2\/posts\/28206\/revisions\/28208"}],"wp:featuredmedia":[{"embeddable":true,"href":"https:\/\/blogdorogeriogomes.com.br\/noticias\/wp-json\/wp\/v2\/media\/28207"}],"wp:attachment":[{"href":"https:\/\/blogdorogeriogomes.com.br\/noticias\/wp-json\/wp\/v2\/media?parent=28206"}],"wp:term":[{"taxonomy":"category","embeddable":true,"href":"https:\/\/blogdorogeriogomes.com.br\/noticias\/wp-json\/wp\/v2\/categories?post=28206"},{"taxonomy":"post_tag","embeddable":true,"href":"https:\/\/blogdorogeriogomes.com.br\/noticias\/wp-json\/wp\/v2\/tags?post=28206"}],"curies":[{"name":"wp","href":"https:\/\/api.w.org\/{rel}","templated":true}]}}