{"id":28209,"date":"2023-01-26T17:07:47","date_gmt":"2023-01-26T17:07:47","guid":{"rendered":"https:\/\/blogdorogeriogomes.com.br\/?p=28209"},"modified":"2023-01-26T18:01:17","modified_gmt":"2023-01-26T18:01:17","slug":"professores-de-fortaleza-prometem-paralisar-atividades-ate-anuncio-do-novo-piso-salarial-da-categoria","status":"publish","type":"post","link":"https:\/\/blogdorogeriogomes.com.br\/noticias\/2023\/01\/professores-de-fortaleza-prometem-paralisar-atividades-ate-anuncio-do-novo-piso-salarial-da-categoria\/","title":{"rendered":"Professores de Fortaleza prometem paralisar atividades at\u00e9 an\u00fancio do novo piso salarial da categoria"},"content":{"rendered":"\n<p>Os professores da rede municipal de Fortaleza prometem cruzar os bra\u00e7os at\u00e9 que a Prefeitura anuncie que vai cumprir o pagamento do novo piso nacional da categoria em torno de R$ 4 mil e 400 reais. O prefeito Jos\u00e9 Sarto (PDT) diz que ainda analisa o reajuste por causa do cumprimento da Lei de Responsabilidade Fiscal.<\/p>\n\n\n\n<p>Professores e funcion\u00e1rios das escolas de Fortaleza aprovaram em assembleia geral realizada na manh\u00e3 desta quinta-feira, dia 26 de janeiro, a paralisa\u00e7\u00e3o total das atividades. Os docentes dizem que s\u00f3 retomam o ano letivo, previsto para iniciar nesta sexta-feira, dia 27, com o an\u00fancio do pagamento do reajuste de acordo com o determinado pelo Minist\u00e9rio da Educa\u00e7\u00e3o.<\/p>\n\n\n\n<figure class=\"wp-block-image size-full\"><img loading=\"lazy\" decoding=\"async\" width=\"818\" height=\"459\" src=\"https:\/\/blogdorogeriogomes.com.br\/wp-content\/uploads\/2023\/01\/1_whatsapp_image_2023_01_26_at_11_13_42-20922520.jpeg\" alt=\"\" class=\"wp-image-28210\" srcset=\"https:\/\/blogdorogeriogomes.com.br\/noticias\/wp-content\/uploads\/2023\/01\/1_whatsapp_image_2023_01_26_at_11_13_42-20922520.jpeg 818w, https:\/\/blogdorogeriogomes.com.br\/noticias\/wp-content\/uploads\/2023\/01\/1_whatsapp_image_2023_01_26_at_11_13_42-20922520-300x168.jpeg 300w, https:\/\/blogdorogeriogomes.com.br\/noticias\/wp-content\/uploads\/2023\/01\/1_whatsapp_image_2023_01_26_at_11_13_42-20922520-768x431.jpeg 768w, https:\/\/blogdorogeriogomes.com.br\/noticias\/wp-content\/uploads\/2023\/01\/1_whatsapp_image_2023_01_26_at_11_13_42-20922520-800x449.jpeg 800w\" sizes=\"auto, (max-width: 818px) 100vw, 818px\" \/><\/figure>\n\n\n\n<p><br><\/p>\n","protected":false},"excerpt":{"rendered":"<p>Os professores da rede municipal de Fortaleza prometem cruzar os bra\u00e7os at\u00e9 que a Prefeitura anuncie que vai cumprir o pagamento do novo piso nacional da categoria em torno de R$ 4 mil e 400 reais. O prefeito Jos\u00e9 Sarto (PDT) diz que ainda analisa o reajuste por causa do cumprimento da Lei de Responsabilidade Fiscal. Professores e funcion\u00e1rios das escolas de Fortaleza aprovaram em assembleia geral realizada na manh\u00e3 desta quinta-feira, dia 26 de janeiro, a paralisa\u00e7\u00e3o total&hellip;<\/p>\n","protected":false},"author":1,"featured_media":28210,"comment_status":"open","ping_status":"open","sticky":false,"template":"","format":"standard","meta":{"footnotes":""},"categories":[1],"tags":[],"class_list":["post-28209","post","type-post","status-publish","format-standard","has-post-thumbnail","hentry","category-noticias"],"_links":{"self":[{"href":"https:\/\/blogdorogeriogomes.com.br\/noticias\/wp-json\/wp\/v2\/posts\/28209","targetHints":{"allow":["GET"]}}],"collection":[{"href":"https:\/\/blogdorogeriogomes.com.br\/noticias\/wp-json\/wp\/v2\/posts"}],"about":[{"href":"https:\/\/blogdorogeriogomes.com.br\/noticias\/wp-json\/wp\/v2\/types\/post"}],"author":[{"embeddable":true,"href":"https:\/\/blogdorogeriogomes.com.br\/noticias\/wp-json\/wp\/v2\/users\/1"}],"replies":[{"embeddable":true,"href":"https:\/\/blogdorogeriogomes.com.br\/noticias\/wp-json\/wp\/v2\/comments?post=28209"}],"version-history":[{"count":1,"href":"https:\/\/blogdorogeriogomes.com.br\/noticias\/wp-json\/wp\/v2\/posts\/28209\/revisions"}],"predecessor-version":[{"id":28211,"href":"https:\/\/blogdorogeriogomes.com.br\/noticias\/wp-json\/wp\/v2\/posts\/28209\/revisions\/28211"}],"wp:featuredmedia":[{"embeddable":true,"href":"https:\/\/blogdorogeriogomes.com.br\/noticias\/wp-json\/wp\/v2\/media\/28210"}],"wp:attachment":[{"href":"https:\/\/blogdorogeriogomes.com.br\/noticias\/wp-json\/wp\/v2\/media?parent=28209"}],"wp:term":[{"taxonomy":"category","embeddable":true,"href":"https:\/\/blogdorogeriogomes.com.br\/noticias\/wp-json\/wp\/v2\/categories?post=28209"},{"taxonomy":"post_tag","embeddable":true,"href":"https:\/\/blogdorogeriogomes.com.br\/noticias\/wp-json\/wp\/v2\/tags?post=28209"}],"curies":[{"name":"wp","href":"https:\/\/api.w.org\/{rel}","templated":true}]}}