{"id":28215,"date":"2023-01-26T17:51:25","date_gmt":"2023-01-26T17:51:25","guid":{"rendered":"https:\/\/blogdorogeriogomes.com.br\/?p=28215"},"modified":"2023-01-30T12:56:39","modified_gmt":"2023-01-30T12:56:39","slug":"elmano-de-freitas-confirma-pagamento-do-piso-nacional-para-professores-estaduais","status":"publish","type":"post","link":"https:\/\/blogdorogeriogomes.com.br\/noticias\/2023\/01\/elmano-de-freitas-confirma-pagamento-do-piso-nacional-para-professores-estaduais\/","title":{"rendered":"Elmano de Freitas confirma pagamento do piso nacional para professores estaduais"},"content":{"rendered":"\n<p>O governador do Cear\u00e1, Elmano de Freitas (PT), disse nesta quinta-feira, dia 26 de janeiro, que elabora um planejamento para cumprir o aumento do sal\u00e1rio dos professores da rede estadual de ensino. O reajuste deve ser de quase 15% no piso salarial dos professores, anunciado no \u00faltimo dia 16 pelo ministro da Educa\u00e7\u00e3o, Camilo Santana (PT).<\/p>\n\n\n\n<p>No Cear\u00e1, os estudos est\u00e3o sendo feitos entre as Secretarias da Educa\u00e7\u00e3o (Seduc), do Planejamento e Gest\u00e3o (Seplag), e da Fazenda (Sefaz) para aplicar o percentual indicado por Camilo.<\/p>\n\n\n\n<p>Atualmente, de acordo com a Seduc, a remunera\u00e7\u00e3o para um professor em in\u00edcio de carreira, com 40 horas semanais, \u00e9 de R$ 5.413,18, e para um professor, no \u00faltimo n\u00edvel da carreira, com doutorado, \u00e9 de R$ 15.348,17.<\/p>\n\n\n\n<figure class=\"wp-block-image size-full\"><img loading=\"lazy\" decoding=\"async\" width=\"418\" height=\"314\" src=\"https:\/\/blogdorogeriogomes.com.br\/wp-content\/uploads\/2023\/01\/Elmano.jpg\" alt=\"\" class=\"wp-image-28216\" srcset=\"https:\/\/blogdorogeriogomes.com.br\/noticias\/wp-content\/uploads\/2023\/01\/Elmano.jpg 418w, https:\/\/blogdorogeriogomes.com.br\/noticias\/wp-content\/uploads\/2023\/01\/Elmano-300x225.jpg 300w, https:\/\/blogdorogeriogomes.com.br\/noticias\/wp-content\/uploads\/2023\/01\/Elmano-400x300.jpg 400w\" sizes=\"auto, (max-width: 418px) 100vw, 418px\" \/><\/figure>\n","protected":false},"excerpt":{"rendered":"<p>O governador do Cear\u00e1, Elmano de Freitas (PT), disse nesta quinta-feira, dia 26 de janeiro, que elabora um planejamento para cumprir o aumento do sal\u00e1rio dos professores da rede estadual de ensino. O reajuste deve ser de quase 15% no piso salarial dos professores, anunciado no \u00faltimo dia 16 pelo ministro da Educa\u00e7\u00e3o, Camilo Santana (PT). No Cear\u00e1, os estudos est\u00e3o sendo feitos entre as Secretarias da Educa\u00e7\u00e3o (Seduc), do Planejamento e Gest\u00e3o (Seplag), e da Fazenda (Sefaz) para&hellip;<\/p>\n","protected":false},"author":1,"featured_media":28216,"comment_status":"open","ping_status":"open","sticky":false,"template":"","format":"standard","meta":{"footnotes":""},"categories":[1],"tags":[],"class_list":["post-28215","post","type-post","status-publish","format-standard","has-post-thumbnail","hentry","category-noticias"],"_links":{"self":[{"href":"https:\/\/blogdorogeriogomes.com.br\/noticias\/wp-json\/wp\/v2\/posts\/28215","targetHints":{"allow":["GET"]}}],"collection":[{"href":"https:\/\/blogdorogeriogomes.com.br\/noticias\/wp-json\/wp\/v2\/posts"}],"about":[{"href":"https:\/\/blogdorogeriogomes.com.br\/noticias\/wp-json\/wp\/v2\/types\/post"}],"author":[{"embeddable":true,"href":"https:\/\/blogdorogeriogomes.com.br\/noticias\/wp-json\/wp\/v2\/users\/1"}],"replies":[{"embeddable":true,"href":"https:\/\/blogdorogeriogomes.com.br\/noticias\/wp-json\/wp\/v2\/comments?post=28215"}],"version-history":[{"count":1,"href":"https:\/\/blogdorogeriogomes.com.br\/noticias\/wp-json\/wp\/v2\/posts\/28215\/revisions"}],"predecessor-version":[{"id":28217,"href":"https:\/\/blogdorogeriogomes.com.br\/noticias\/wp-json\/wp\/v2\/posts\/28215\/revisions\/28217"}],"wp:featuredmedia":[{"embeddable":true,"href":"https:\/\/blogdorogeriogomes.com.br\/noticias\/wp-json\/wp\/v2\/media\/28216"}],"wp:attachment":[{"href":"https:\/\/blogdorogeriogomes.com.br\/noticias\/wp-json\/wp\/v2\/media?parent=28215"}],"wp:term":[{"taxonomy":"category","embeddable":true,"href":"https:\/\/blogdorogeriogomes.com.br\/noticias\/wp-json\/wp\/v2\/categories?post=28215"},{"taxonomy":"post_tag","embeddable":true,"href":"https:\/\/blogdorogeriogomes.com.br\/noticias\/wp-json\/wp\/v2\/tags?post=28215"}],"curies":[{"name":"wp","href":"https:\/\/api.w.org\/{rel}","templated":true}]}}