{"id":28218,"date":"2023-01-27T11:22:03","date_gmt":"2023-01-27T11:22:03","guid":{"rendered":"https:\/\/blogdorogeriogomes.com.br\/?p=28218"},"modified":"2023-01-30T12:56:30","modified_gmt":"2023-01-30T12:56:30","slug":"ministra-da-cultura-defende-parcerias-com-o-ceara-em-posse-de-luisa-cela-na-secult","status":"publish","type":"post","link":"https:\/\/blogdorogeriogomes.com.br\/noticias\/2023\/01\/ministra-da-cultura-defende-parcerias-com-o-ceara-em-posse-de-luisa-cela-na-secult\/","title":{"rendered":"Ministra da Cultura defende parcerias com o Cear\u00e1 em posse de Luisa Cela na Secult"},"content":{"rendered":"\n<p>A nova ministra da Cultura do Governo Lula, Margareth Menezes, prestigiou a posse de Luisa Cela como secret\u00e1ria de Cultura do Estado, nesta quinta-feira, dia 26 de janeiro, na Esta\u00e7\u00e3o das Artes, no Centro de Fortaleza. A programa\u00e7\u00e3o da posse contou com v\u00e1rias manifesta\u00e7\u00f5es culturais cearenses.<\/p>\n\n\n\n<p>\u201cO MinC est\u00e1 assumindo esse compromisso. N\u00f3s vamos caminhar juntos com o Cear\u00e1 e aproveitar para replicar essa experi\u00eancia t\u00e3o exitosa que ocorreu aqui. E \u00e9 por isso que eu estou levando algumas pessoas do Cear\u00e1 para o Minist\u00e9rio!\u201d, revelou Margareth Menezes, que convidou os cearenses Fabiano Piuba, ex-secretario de Cultura do Cear\u00e1, e Henilton Menezes para secret\u00e1rios do Minist\u00e9rio da Cultura, nas pastas de Forma\u00e7\u00e3o, Livro e Leitura e Economia Criativa e Fomento Cultural, respectivamente.<br><\/p>\n\n\n\n<figure class=\"wp-block-image size-full\"><img loading=\"lazy\" decoding=\"async\" width=\"818\" height=\"459\" src=\"https:\/\/blogdorogeriogomes.com.br\/wp-content\/uploads\/2023\/01\/1_visita_ministra_da_cultura_margareth_menezes_posse_luiza_cela_22-20928728.jpg\" alt=\"\" class=\"wp-image-28219\" srcset=\"https:\/\/blogdorogeriogomes.com.br\/noticias\/wp-content\/uploads\/2023\/01\/1_visita_ministra_da_cultura_margareth_menezes_posse_luiza_cela_22-20928728.jpg 818w, https:\/\/blogdorogeriogomes.com.br\/noticias\/wp-content\/uploads\/2023\/01\/1_visita_ministra_da_cultura_margareth_menezes_posse_luiza_cela_22-20928728-300x168.jpg 300w, https:\/\/blogdorogeriogomes.com.br\/noticias\/wp-content\/uploads\/2023\/01\/1_visita_ministra_da_cultura_margareth_menezes_posse_luiza_cela_22-20928728-768x431.jpg 768w, https:\/\/blogdorogeriogomes.com.br\/noticias\/wp-content\/uploads\/2023\/01\/1_visita_ministra_da_cultura_margareth_menezes_posse_luiza_cela_22-20928728-800x449.jpg 800w\" sizes=\"auto, (max-width: 818px) 100vw, 818px\" \/><\/figure>\n","protected":false},"excerpt":{"rendered":"<p>A nova ministra da Cultura do Governo Lula, Margareth Menezes, prestigiou a posse de Luisa Cela como secret\u00e1ria de Cultura do Estado, nesta quinta-feira, dia 26 de janeiro, na Esta\u00e7\u00e3o das Artes, no Centro de Fortaleza. A programa\u00e7\u00e3o da posse contou com v\u00e1rias manifesta\u00e7\u00f5es culturais cearenses. \u201cO MinC est\u00e1 assumindo esse compromisso. N\u00f3s vamos caminhar juntos com o Cear\u00e1 e aproveitar para replicar essa experi\u00eancia t\u00e3o exitosa que ocorreu aqui. E \u00e9 por isso que eu estou levando algumas&hellip;<\/p>\n","protected":false},"author":1,"featured_media":28219,"comment_status":"open","ping_status":"open","sticky":false,"template":"","format":"standard","meta":{"footnotes":""},"categories":[1],"tags":[],"class_list":["post-28218","post","type-post","status-publish","format-standard","has-post-thumbnail","hentry","category-noticias"],"_links":{"self":[{"href":"https:\/\/blogdorogeriogomes.com.br\/noticias\/wp-json\/wp\/v2\/posts\/28218","targetHints":{"allow":["GET"]}}],"collection":[{"href":"https:\/\/blogdorogeriogomes.com.br\/noticias\/wp-json\/wp\/v2\/posts"}],"about":[{"href":"https:\/\/blogdorogeriogomes.com.br\/noticias\/wp-json\/wp\/v2\/types\/post"}],"author":[{"embeddable":true,"href":"https:\/\/blogdorogeriogomes.com.br\/noticias\/wp-json\/wp\/v2\/users\/1"}],"replies":[{"embeddable":true,"href":"https:\/\/blogdorogeriogomes.com.br\/noticias\/wp-json\/wp\/v2\/comments?post=28218"}],"version-history":[{"count":1,"href":"https:\/\/blogdorogeriogomes.com.br\/noticias\/wp-json\/wp\/v2\/posts\/28218\/revisions"}],"predecessor-version":[{"id":28220,"href":"https:\/\/blogdorogeriogomes.com.br\/noticias\/wp-json\/wp\/v2\/posts\/28218\/revisions\/28220"}],"wp:featuredmedia":[{"embeddable":true,"href":"https:\/\/blogdorogeriogomes.com.br\/noticias\/wp-json\/wp\/v2\/media\/28219"}],"wp:attachment":[{"href":"https:\/\/blogdorogeriogomes.com.br\/noticias\/wp-json\/wp\/v2\/media?parent=28218"}],"wp:term":[{"taxonomy":"category","embeddable":true,"href":"https:\/\/blogdorogeriogomes.com.br\/noticias\/wp-json\/wp\/v2\/categories?post=28218"},{"taxonomy":"post_tag","embeddable":true,"href":"https:\/\/blogdorogeriogomes.com.br\/noticias\/wp-json\/wp\/v2\/tags?post=28218"}],"curies":[{"name":"wp","href":"https:\/\/api.w.org\/{rel}","templated":true}]}}