{"id":28221,"date":"2023-01-27T11:43:06","date_gmt":"2023-01-27T11:43:06","guid":{"rendered":"https:\/\/blogdorogeriogomes.com.br\/?p=28221"},"modified":"2023-01-30T12:56:21","modified_gmt":"2023-01-30T12:56:21","slug":"lula-recebe-governadores-de-todo-o-pais-em-brasilia-para-definir-obras-prioritarias-nos-estados","status":"publish","type":"post","link":"https:\/\/blogdorogeriogomes.com.br\/noticias\/2023\/01\/lula-recebe-governadores-de-todo-o-pais-em-brasilia-para-definir-obras-prioritarias-nos-estados\/","title":{"rendered":"Lula recebe governadores de todo o Pa\u00eds em Bras\u00edlia para definir obras priorit\u00e1rias nos estados"},"content":{"rendered":"\n<p>O presidente Lula (PT) recebe nesta sexta-feira, dia 27 de janeiro, os governadores de todo o Pa\u00eds em Bras\u00edlia, para definir obras priorit\u00e1rias nos estados que ter\u00e3o apoio do Governo Federal. <\/p>\n\n\n\n<p>O governador do Cear\u00e1, Elmano de Freitas, se reuniu previamente com os outros oito governadores do Nordeste para tra\u00e7ar uma pauta conjunta para regi\u00e3o.<\/p>\n\n\n\n<p>Na Capital federal, todos os governadores do Nordeste participaram do F\u00f3rum Nacional dos Governadores com os demais governadores dos Estados Brasileiros.<\/p>\n\n\n\n<p>Elmano de Freitas destacou que os governadores da Regi\u00e3o Nordeste v\u00e3o discutir uma nova proposta de reforma tribut\u00e1ria e um novo pacto federativo que beneficie os Estados Brasileiros de maneira igualit\u00e1ria.<\/p>\n\n\n\n<figure class=\"wp-block-image size-large\"><img loading=\"lazy\" decoding=\"async\" width=\"1024\" height=\"683\" src=\"https:\/\/blogdorogeriogomes.com.br\/wp-content\/uploads\/2023\/01\/IMG-20230127-WA0031-1024x683.jpg\" alt=\"\" class=\"wp-image-28222\" srcset=\"https:\/\/blogdorogeriogomes.com.br\/noticias\/wp-content\/uploads\/2023\/01\/IMG-20230127-WA0031-1024x683.jpg 1024w, https:\/\/blogdorogeriogomes.com.br\/noticias\/wp-content\/uploads\/2023\/01\/IMG-20230127-WA0031-300x200.jpg 300w, https:\/\/blogdorogeriogomes.com.br\/noticias\/wp-content\/uploads\/2023\/01\/IMG-20230127-WA0031-768x512.jpg 768w, https:\/\/blogdorogeriogomes.com.br\/noticias\/wp-content\/uploads\/2023\/01\/IMG-20230127-WA0031-800x533.jpg 800w, https:\/\/blogdorogeriogomes.com.br\/noticias\/wp-content\/uploads\/2023\/01\/IMG-20230127-WA0031.jpg 1065w\" sizes=\"auto, (max-width: 1024px) 100vw, 1024px\" \/><\/figure>\n","protected":false},"excerpt":{"rendered":"<p>O presidente Lula (PT) recebe nesta sexta-feira, dia 27 de janeiro, os governadores de todo o Pa\u00eds em Bras\u00edlia, para definir obras priorit\u00e1rias nos estados que ter\u00e3o apoio do Governo Federal. O governador do Cear\u00e1, Elmano de Freitas, se reuniu previamente com os outros oito governadores do Nordeste para tra\u00e7ar uma pauta conjunta para regi\u00e3o. Na Capital federal, todos os governadores do Nordeste participaram do F\u00f3rum Nacional dos Governadores com os demais governadores dos Estados Brasileiros. Elmano de Freitas&hellip;<\/p>\n","protected":false},"author":1,"featured_media":28222,"comment_status":"open","ping_status":"open","sticky":false,"template":"","format":"standard","meta":{"footnotes":""},"categories":[1],"tags":[],"class_list":["post-28221","post","type-post","status-publish","format-standard","has-post-thumbnail","hentry","category-noticias"],"_links":{"self":[{"href":"https:\/\/blogdorogeriogomes.com.br\/noticias\/wp-json\/wp\/v2\/posts\/28221","targetHints":{"allow":["GET"]}}],"collection":[{"href":"https:\/\/blogdorogeriogomes.com.br\/noticias\/wp-json\/wp\/v2\/posts"}],"about":[{"href":"https:\/\/blogdorogeriogomes.com.br\/noticias\/wp-json\/wp\/v2\/types\/post"}],"author":[{"embeddable":true,"href":"https:\/\/blogdorogeriogomes.com.br\/noticias\/wp-json\/wp\/v2\/users\/1"}],"replies":[{"embeddable":true,"href":"https:\/\/blogdorogeriogomes.com.br\/noticias\/wp-json\/wp\/v2\/comments?post=28221"}],"version-history":[{"count":1,"href":"https:\/\/blogdorogeriogomes.com.br\/noticias\/wp-json\/wp\/v2\/posts\/28221\/revisions"}],"predecessor-version":[{"id":28223,"href":"https:\/\/blogdorogeriogomes.com.br\/noticias\/wp-json\/wp\/v2\/posts\/28221\/revisions\/28223"}],"wp:featuredmedia":[{"embeddable":true,"href":"https:\/\/blogdorogeriogomes.com.br\/noticias\/wp-json\/wp\/v2\/media\/28222"}],"wp:attachment":[{"href":"https:\/\/blogdorogeriogomes.com.br\/noticias\/wp-json\/wp\/v2\/media?parent=28221"}],"wp:term":[{"taxonomy":"category","embeddable":true,"href":"https:\/\/blogdorogeriogomes.com.br\/noticias\/wp-json\/wp\/v2\/categories?post=28221"},{"taxonomy":"post_tag","embeddable":true,"href":"https:\/\/blogdorogeriogomes.com.br\/noticias\/wp-json\/wp\/v2\/tags?post=28221"}],"curies":[{"name":"wp","href":"https:\/\/api.w.org\/{rel}","templated":true}]}}