{"id":28224,"date":"2023-01-27T20:04:51","date_gmt":"2023-01-27T20:04:51","guid":{"rendered":"https:\/\/blogdorogeriogomes.com.br\/?p=28224"},"modified":"2023-01-30T12:56:10","modified_gmt":"2023-01-30T12:56:10","slug":"ano-letivo-nas-escolas-municipais-de-fortaleza-tem-inicio-mas-professores-mantem-paralisacao","status":"publish","type":"post","link":"https:\/\/blogdorogeriogomes.com.br\/noticias\/2023\/01\/ano-letivo-nas-escolas-municipais-de-fortaleza-tem-inicio-mas-professores-mantem-paralisacao\/","title":{"rendered":"Ano letivo nas escolas municipais de Fortaleza tem in\u00edcio, mas professores mant\u00eam paralisa\u00e7\u00e3o"},"content":{"rendered":"\n<p>A Prefeitura de Fortaleza realizou, nesta sexta-feira, dia 27 de janeiro, a abertura do ano letivo de 2023 na rede municipal de ensino. A cerim\u00f4nia ocorreu na Escola Municipal Vicente Fialho, no Montese, com a presen\u00e7a do prefeito Jos\u00e9 Sarto. A unidade escolar passou por requalifica\u00e7\u00e3o total de sua estrutura e est\u00e1 inclu\u00eddo no pacote de reformas, que promete requalificar 200 escolas at\u00e9 2024.<br>Mas a Prefeitura enfrenta uma paralisa\u00e7\u00e3o dos professores da rede municipal de ensino, que cobram do prefeito Jos\u00e9 Sarto o cumprimento do piso nacional do magist\u00e9rio. Sarto diz ainda discutir o tema para evitar descumprimento na Lei de Responsabilidade Fiscal com o aumento na folha de pagamento dos servidores.<br>Est\u00e1 prevista uma reuni\u00e3o entre a Prefeitura de Fortaleza e o&nbsp;Sindicato \u00danico dos Trabalhadores em Educa\u00e7\u00e3o do Cear\u00e1 (Sindiute) na pr\u00f3xima ter\u00e7a-feira, 31, \u00e0s 15 horas, para resolver a quest\u00e3o do reajuste.<\/p>\n\n\n\n<figure class=\"wp-block-image size-large\"><img loading=\"lazy\" decoding=\"async\" width=\"1024\" height=\"602\" src=\"https:\/\/blogdorogeriogomes.com.br\/wp-content\/uploads\/2023\/01\/27-01-2023-SME-_81P3824-1024x602.jpg\" alt=\"\" class=\"wp-image-28225\" srcset=\"https:\/\/blogdorogeriogomes.com.br\/noticias\/wp-content\/uploads\/2023\/01\/27-01-2023-SME-_81P3824-1024x602.jpg 1024w, https:\/\/blogdorogeriogomes.com.br\/noticias\/wp-content\/uploads\/2023\/01\/27-01-2023-SME-_81P3824-300x176.jpg 300w, https:\/\/blogdorogeriogomes.com.br\/noticias\/wp-content\/uploads\/2023\/01\/27-01-2023-SME-_81P3824-768x451.jpg 768w, https:\/\/blogdorogeriogomes.com.br\/noticias\/wp-content\/uploads\/2023\/01\/27-01-2023-SME-_81P3824-800x470.jpg 800w, https:\/\/blogdorogeriogomes.com.br\/noticias\/wp-content\/uploads\/2023\/01\/27-01-2023-SME-_81P3824.jpg 1280w\" sizes=\"auto, (max-width: 1024px) 100vw, 1024px\" \/><\/figure>\n\n\n\n<figure class=\"wp-block-image size-large\"><img loading=\"lazy\" decoding=\"async\" width=\"1024\" height=\"683\" src=\"https:\/\/blogdorogeriogomes.com.br\/wp-content\/uploads\/2023\/01\/IMG-20230127-WA0069-1024x683.jpg\" alt=\"\" class=\"wp-image-28226\" srcset=\"https:\/\/blogdorogeriogomes.com.br\/noticias\/wp-content\/uploads\/2023\/01\/IMG-20230127-WA0069-1024x683.jpg 1024w, https:\/\/blogdorogeriogomes.com.br\/noticias\/wp-content\/uploads\/2023\/01\/IMG-20230127-WA0069-300x200.jpg 300w, https:\/\/blogdorogeriogomes.com.br\/noticias\/wp-content\/uploads\/2023\/01\/IMG-20230127-WA0069-768x512.jpg 768w, https:\/\/blogdorogeriogomes.com.br\/noticias\/wp-content\/uploads\/2023\/01\/IMG-20230127-WA0069-800x533.jpg 800w, https:\/\/blogdorogeriogomes.com.br\/noticias\/wp-content\/uploads\/2023\/01\/IMG-20230127-WA0069.jpg 1200w\" sizes=\"auto, (max-width: 1024px) 100vw, 1024px\" \/><\/figure>\n","protected":false},"excerpt":{"rendered":"<p>A Prefeitura de Fortaleza realizou, nesta sexta-feira, dia 27 de janeiro, a abertura do ano letivo de 2023 na rede municipal de ensino. A cerim\u00f4nia ocorreu na Escola Municipal Vicente Fialho, no Montese, com a presen\u00e7a do prefeito Jos\u00e9 Sarto. A unidade escolar passou por requalifica\u00e7\u00e3o total de sua estrutura e est\u00e1 inclu\u00eddo no pacote de reformas, que promete requalificar 200 escolas at\u00e9 2024.Mas a Prefeitura enfrenta uma paralisa\u00e7\u00e3o dos professores da rede municipal de ensino, que cobram do&hellip;<\/p>\n","protected":false},"author":1,"featured_media":28225,"comment_status":"open","ping_status":"open","sticky":false,"template":"","format":"standard","meta":{"footnotes":""},"categories":[1],"tags":[],"class_list":["post-28224","post","type-post","status-publish","format-standard","has-post-thumbnail","hentry","category-noticias"],"_links":{"self":[{"href":"https:\/\/blogdorogeriogomes.com.br\/noticias\/wp-json\/wp\/v2\/posts\/28224","targetHints":{"allow":["GET"]}}],"collection":[{"href":"https:\/\/blogdorogeriogomes.com.br\/noticias\/wp-json\/wp\/v2\/posts"}],"about":[{"href":"https:\/\/blogdorogeriogomes.com.br\/noticias\/wp-json\/wp\/v2\/types\/post"}],"author":[{"embeddable":true,"href":"https:\/\/blogdorogeriogomes.com.br\/noticias\/wp-json\/wp\/v2\/users\/1"}],"replies":[{"embeddable":true,"href":"https:\/\/blogdorogeriogomes.com.br\/noticias\/wp-json\/wp\/v2\/comments?post=28224"}],"version-history":[{"count":1,"href":"https:\/\/blogdorogeriogomes.com.br\/noticias\/wp-json\/wp\/v2\/posts\/28224\/revisions"}],"predecessor-version":[{"id":28227,"href":"https:\/\/blogdorogeriogomes.com.br\/noticias\/wp-json\/wp\/v2\/posts\/28224\/revisions\/28227"}],"wp:featuredmedia":[{"embeddable":true,"href":"https:\/\/blogdorogeriogomes.com.br\/noticias\/wp-json\/wp\/v2\/media\/28225"}],"wp:attachment":[{"href":"https:\/\/blogdorogeriogomes.com.br\/noticias\/wp-json\/wp\/v2\/media?parent=28224"}],"wp:term":[{"taxonomy":"category","embeddable":true,"href":"https:\/\/blogdorogeriogomes.com.br\/noticias\/wp-json\/wp\/v2\/categories?post=28224"},{"taxonomy":"post_tag","embeddable":true,"href":"https:\/\/blogdorogeriogomes.com.br\/noticias\/wp-json\/wp\/v2\/tags?post=28224"}],"curies":[{"name":"wp","href":"https:\/\/api.w.org\/{rel}","templated":true}]}}